{"id":1504,"date":"2020-05-08T15:26:48","date_gmt":"2020-05-08T15:26:48","guid":{"rendered":"https:\/\/www.asociacioncamaraurbana.com\/ministerio-de-la-presidencia-relaciones-con-las-cortes-y-memoria-democratica\/"},"modified":"2022-12-09T08:34:40","modified_gmt":"2022-12-09T08:34:40","slug":"ministerio-de-la-presidencia-relaciones-con-las-cortes-y-memoria-democratica","status":"publish","type":"post","link":"https:\/\/www.asociacioncamaraurbana.com\/eu\/ministerio-de-la-presidencia-relaciones-con-las-cortes-y-memoria-democratica\/","title":{"rendered":"Instrucciones t\u00e9cnicas a los Ayuntamientos sobre la gesti\u00f3n del Padr\u00f3n municipal"},"content":{"rendered":"<div class=\"wpb-content-wrapper\"><p>[vc_row full_width=&#8221;stretch_row&#8221; css=&#8221;.vc_custom_1586370143677{margin-top: 0px !important;margin-bottom: 0px !important;border-top-width: 1px !important;border-bottom-width: 0px !important;padding-top: 0px !important;padding-right: 20px !important;padding-bottom: 0px !important;background-color: #cd1719 !important;border-top-color: #cd1719 !important;border-top-style: solid !important;border-bottom-color: #cd1719 !important;border-bottom-style: solid !important;}&#8221;][vc_column width=&#8221;1\/3&#8243; css=&#8221;.vc_custom_1586158078900{margin-top: 0px !important;margin-bottom: 0px !important;border-top-width: 0px !important;border-bottom-width: 0px !important;padding-top: 0px !important;padding-bottom: 0px !important;}&#8221;][\/vc_column][vc_column width=&#8221;2\/3&#8243; css=&#8221;.vc_custom_1583396683265{margin-top: 0px !important;margin-right: 0px !important;margin-bottom: 0px !important;margin-left: 0px !important;border-top-width: 0px !important;border-bottom-width: 0px !important;padding-top: 0px !important;padding-right: 0px !important;padding-bottom: 0px !important;padding-left: 0px !important;}&#8221; el_id=&#8221;container&#8221;][\/vc_column][\/vc_row][vc_row full_width=&#8221;stretch_row&#8221; content_placement=&#8221;middle&#8221; parallax=&#8221;content-moving&#8221; parallax_image=&#8221;805&#8243; css=&#8221;.vc_custom_1585914071905{margin-top: 0px !important;margin-right: 10% !important;margin-bottom: 0px !important;margin-left: 10% !important;border-top-width: 0px !important;border-bottom-width: 0px !important;padding-top: 0px !important;padding-bottom: 0px !important;}&#8221; el_class=&#8221;escalagrises&#8221; el_id=&#8221;cabecera&#8221;][vc_column css=&#8221;.vc_custom_1583751515864{margin-top: 0px !important;margin-bottom: 0px !important;border-top-width: 0px !important;border-bottom-width: 0px !important;padding-top: 0px !important;padding-bottom: 0px !important;}&#8221;][vc_custom_heading text=&#8221;Normativas Generales y de Actualidad&#8221; font_container=&#8221;tag:h1|font_size:70|text_align:center|color:%23ffffff|line_height:1.2&#8243; google_fonts=&#8221;font_family:Roboto%3A100%2C100italic%2C300%2C300italic%2Cregular%2Citalic%2C500%2C500italic%2C700%2C700italic%2C900%2C900italic|font_style:400%20regular%3A400%3Anormal&#8221; el_class=&#8221;sombracabecera&#8221;][\/vc_column][\/vc_row][vc_row full_width=&#8221;stretch_row&#8221; css=&#8221;.vc_custom_1586882857911{margin-right: 10% !important;margin-bottom: 0px !important;margin-left: 10% !important;border-bottom-width: 0px !important;padding-bottom: 0px !important;}&#8221; el_id=&#8221;informes&#8221;][vc_column css=&#8221;.vc_custom_1583426287030{margin-left: 0px !important;border-left-width: 0px !important;padding-left: 0px !important;}&#8221;][vc_custom_heading source=&#8221;post_title&#8221; font_container=&#8221;tag:h2|font_size:45|text_align:left|color:%23333333|line_height:1.3&#8243; google_fonts=&#8221;font_family:Roboto%3A100%2C100italic%2C300%2C300italic%2Cregular%2Citalic%2C500%2C500italic%2C700%2C700italic%2C900%2C900italic|font_style:400%20regular%3A400%3Anormal&#8221; css=&#8221;.vc_custom_1586882506714{border-left-width: 2px !important;padding-bottom: 12px !important;padding-left: 12px !important;border-left-color: #cd1719 !important;border-left-style: solid !important;}&#8221; el_class=&#8221;titulonoticias&#8221;][vc_custom_heading text=&#8221;Resoluci\u00f3n de 29 de abril de 2020, de la Subsecretar\u00eda, por la que se publica la Resoluci\u00f3n de 17 de febrero de 2020&#8243; font_container=&#8221;tag:h3|font_size:25|text_align:left|color:%23333333|line_height:1.2&#8243; google_fonts=&#8221;font_family:Roboto%3A100%2C100italic%2C300%2C300italic%2Cregular%2Citalic%2C500%2C500italic%2C700%2C700italic%2C900%2C900italic|font_style:400%20regular%3A400%3Anormal&#8221;]<div class='gambit_row_scroll' data-row-entrance='content-fly-right' data-row-exit='none' data-entrance-do-children='true' data--5p-center-top-entrance=\"transform: translateX(0vw);opacity: 1;\" data-bottom-top-entrance=\"transform: translateX(-100vw);opacity: 0;\" ><\/div>[\/vc_column][\/vc_row][vc_row full_width=&#8221;stretch_row&#8221; content_placement=&#8221;middle&#8221; css=&#8221;.vc_custom_1585915014113{margin-top: 0px !important;margin-right: 10% !important;margin-left: 10% !important;border-top-width: 0px !important;padding-top: 0px !important;}&#8221; el_id=&#8221;oculto&#8221;][vc_column css=&#8221;.vc_custom_1583426287030{margin-left: 0px !important;border-left-width: 0px !important;padding-left: 0px !important;}&#8221;][vc_row_inner][vc_column_inner][vc_single_image source=&#8221;featured_image&#8221; img_size=&#8221;full&#8221; alignment=&#8221;center&#8221; onclick=&#8221;link_image&#8221; el_id=&#8221;maxalto&#8221;][\/vc_column_inner][\/vc_row_inner][vc_acf field_group=&#8221;310&#8243; field_from_310=&#8221;field_5e69066f638c1&#8243; align=&#8221;justify&#8221; el_class=&#8221;&#8221;]<div class='gambit_row_scroll' data-row-entrance='fly-right' data-row-exit='none' data--5p-center-top-entrance=\"transform: translateX(0vw);\" data-bottom-top-entrance=\"transform: translateX(-100vw);\" ><\/div>[\/vc_column][\/vc_row][vc_row full_width=&#8221;stretch_row&#8221; equal_height=&#8221;yes&#8221; css=&#8221;.vc_custom_1585915082527{margin-right: 10% !important;margin-bottom: 40px !important;margin-left: 10% !important;}&#8221; el_id=&#8221;informes2&#8243;][vc_column css=&#8221;.vc_custom_1583770946806{margin-top: 0px !important;margin-right: 0px !important;margin-bottom: 0px !important;margin-left: 0px !important;border-top-width: 0px !important;border-right-width: 0px !important;border-bottom-width: 0px !important;border-left-width: 0px !important;padding-top: 0px !important;padding-right: 0px !important;padding-bottom: 0px !important;padding-left: 0px !important;}&#8221;][vc_column_text css=&#8221;.vc_custom_1586158621666{margin-top: 0px !important;margin-right: 0px !important;margin-bottom: 0px !important;margin-left: 0px !important;border-top-width: 0px !important;border-right-width: 0px !important;border-bottom-width: 0px !important;border-left-width: 0px !important;padding-top: 0px !important;padding-right: 12px !important;padding-bottom: 0px !important;padding-left: 0px !important;}&#8221;]Resoluci\u00f3n de 29 de abril de 2020, de la Subsecretar\u00eda, por la que se publica la Resoluci\u00f3n de 17 de febrero de 2020, de la Presidencia del Instituto Nacional de Estad\u00edstica y de la Direcci\u00f3n General de Cooperaci\u00f3n Auton\u00f3mica y Local, por la que se dictan instrucciones t\u00e9cnicas a los Ayuntamientos sobre la gesti\u00f3n del Padr\u00f3n municipal.<br \/>\nEl Presidente del Instituto Nacional de Estad\u00edstica y la Directora General de Cooperaci\u00f3n Auton\u00f3mica y Local, han firmado una Resoluci\u00f3n, de 17 de febrero de 2020 por la que se dictan instrucciones t\u00e9cnicas a los Ayuntamientos sobre la gesti\u00f3n del Padr\u00f3n municipal.<br \/>\nPara general conocimiento, dispongo su publicaci\u00f3n como anejo a la presente Resoluci\u00f3n.<br \/>\nMadrid, 29 de abril de 2020.\u2013El Subsecretario de la Presidencia, Relaciones con las Cortes y Memoria Democr\u00e1tica, Antonio J. Hidalgo L\u00f3pez.[\/vc_column_text]<div class='gambit_row_scroll' data-row-entrance='content-fly-left' data-row-exit='none' data-entrance-do-children='true' data--5p-center-top-entrance=\"transform: translateX(0vw);opacity: 1;\" data-bottom-top-entrance=\"transform: translateX(100vw);opacity: 0;\" ><\/div>[\/vc_column][\/vc_row][vc_row full_width=&#8221;stretch_row&#8221; el_id=&#8221;degraenlaces1&#8243; css=&#8221;.vc_custom_1585834120517{margin-top: 0px !important;margin-bottom: 0px !important;border-top-width: 0px !important;border-bottom-width: 0px !important;padding-top: 0px !important;padding-bottom: 0px !important;background-color: #dfdfdf !important;}&#8221;][vc_column css=&#8221;.vc_custom_1583748875692{margin-top: 0px !important;margin-bottom: 0px !important;border-top-width: 0px !important;border-bottom-width: 0px !important;padding-top: 0px !important;padding-bottom: 0px !important;}&#8221;][\/vc_column][\/vc_row][vc_row full_width=&#8221;stretch_row&#8221; css=&#8221;.vc_custom_1585834136751{margin-top: -2px !important;margin-right: 10% !important;margin-bottom: 0px !important;margin-left: 10% !important;border-top-width: 0px !important;border-bottom-width: 0px !important;padding-top: 0px !important;padding-bottom: 0px !important;background-color: #dfdfdf !important;}&#8221;][vc_column css=&#8221;.vc_custom_1585833995644{margin-top: 0px !important;margin-bottom: 0px !important;border-top-width: 0px !important;border-bottom-width: 0px !important;padding-top: 0px !important;padding-bottom: 0px !important;}&#8221;][vc_custom_heading text=&#8221;Enlaces y documentos&#8221; font_container=&#8221;tag:h3|font_size:25|text_align:left|color:%23333333|line_height:1.3&#8243; google_fonts=&#8221;font_family:Roboto%3A100%2C100italic%2C300%2C300italic%2Cregular%2Citalic%2C500%2C500italic%2C700%2C700italic%2C900%2C900italic|font_style:400%20regular%3A400%3Anormal&#8221; css=&#8221;.vc_custom_1588004093392{border-left-width: 2px !important;padding-bottom: 12px !important;padding-left: 12px !important;border-left-color: #cd1719 !important;border-left-style: solid !important;}&#8221;]<div class='gambit_row_scroll' data-row-entrance='content-fly-right' data-row-exit='none' data-entrance-do-children='true' data--5p-center-top-entrance=\"transform: translateX(0vw);opacity: 1;\" data-bottom-top-entrance=\"transform: translateX(-100vw);opacity: 0;\" ><\/div>[\/vc_column][\/vc_row][vc_row full_width=&#8221;stretch_row&#8221; css=&#8221;.vc_custom_1585834153659{margin-top: 0px !important;margin-right: 10% !important;margin-bottom: 0px !important;margin-left: 10% !important;border-top-width: 0px !important;border-bottom-width: 0px !important;padding-top: 0px !important;padding-bottom: 0px !important;background-color: #dfdfdf !important;}&#8221; el_id=&#8221;linknormal&#8221;][vc_column css=&#8221;.vc_custom_1585833875884{margin-top: 0px !important;border-top-width: 0px !important;padding-top: 0px !important;}&#8221;]<div class=\"uavc-list-icon uavc-list-icon-wrapper ult-adjust-bottom-margin   vc_custom_1583939005582  vc_custom_1583939005582\"><ul class=\"uavc-list\"><\/ul><\/div><div class=\"uavc-list-icon uavc-list-icon-wrapper ult-adjust-bottom-margin   vc_custom_1583939016731  vc_custom_1583939016731\"><ul class=\"uavc-list\"><li><div class=\"uavc-list-content\" id=\"list-icon-wrap-1903\">\n<div class=\"uavc-list-icon  \" data-animation=\"\" data-animation-delay=\"03\" style=\"margin-right:5px;\"><div class=\"ult-just-icon-wrapper  \"><div class=\"align-icon\" style=\"text-align:center;\">\n<div class=\"aio-icon none \"  style=\"color:#cd1719;font-size:18px;display:inline-block;\">\n\t<i class=\"Defaults-download\"><\/i>\n<\/div><\/div><\/div>\n<\/div><span  data-ultimate-target='#list-icon-wrap-1903 .uavc-list-desc'  data-responsive-json-new='{\"font-size\":\"\",\"line-height\":\"\"}'  class=\"uavc-list-desc ult-responsive\" style=\"\"><a target=\"_blank\" href=\"https:\/\/www.asociacioncamaraurbana.com\/wp-content\/uploads\/2020\/05\/Padron-nueva-Resolucion-29-4-2020-BOE 2-5-20.pdf\" rel=\"noopener noreferrer\">Descargar documento completo<\/a><\/span><\/div><\/li><\/ul><\/div><div class='gambit_row_scroll' data-row-entrance='content-fly-left' data-row-exit='none' data-entrance-do-children='true' data--5p-center-top-entrance=\"transform: translateX(0vw);opacity: 1;\" data-bottom-top-entrance=\"transform: translateX(100vw);opacity: 0;\" ><\/div><div class=\"ult-spacer spacer-69edcadc6d334\" data-id=\"69edcadc6d334\" data-height=\"30\" data-height-mobile=\"10\" data-height-tab=\"30\" data-height-tab-portrait=\"30\" data-height-mobile-landscape=\"10\" style=\"clear:both;display:block;\"><\/div>[\/vc_column][\/vc_row][vc_row full_width=&#8221;stretch_row&#8221; el_id=&#8221;degraenlaces2&#8243; css=&#8221;.vc_custom_1585834242939{margin-top: -2px !important;margin-bottom: 50px !important;border-top-width: 0px !important;border-bottom-width: 0px !important;padding-top: 0px !important;padding-bottom: 0px !important;background-color: #dfdfdf !important;}&#8221;][vc_column css=&#8221;.vc_custom_1583748875692{margin-top: 0px !important;margin-bottom: 0px !important;border-top-width: 0px !important;border-bottom-width: 0px !important;padding-top: 0px !important;padding-bottom: 0px !important;}&#8221;][\/vc_column][\/vc_row][vc_row gap=&#8221;20&#8243; el_id=&#8221;destacadoarriba&#8221; css=&#8221;.vc_custom_1583748598858{margin-right: 10px !important;margin-bottom: 0px !important;margin-left: 10px !important;border-bottom-width: 0px !important;padding-bottom: 0px !important;}&#8221;][vc_column width=&#8221;1\/4&#8243; offset=&#8221;vc_hidden-lg vc_hidden-md vc_hidden-sm vc_hidden-xs&#8221;][vc_row_inner el_id=&#8221;sombra&#8221;][vc_column_inner el_id=&#8221;destacado4&#8243;][vc_custom_heading text=&#8221;Toda la<br \/>\nActualidad&#8221; font_container=&#8221;tag:h3|font_size:20|text_align:left|color:%23ffffff|line_height:1.2&#8243; google_fonts=&#8221;font_family:Roboto%3A100%2C100italic%2C300%2C300italic%2Cregular%2Citalic%2C500%2C500italic%2C700%2C700italic%2C900%2C900italic|font_style:400%20regular%3A400%3Anormal&#8221; css=&#8221;.vc_custom_1583855832228{margin-top: 40px !important;margin-right: 20px !important;margin-left: 20px !important;border-left-width: 1px !important;padding-right: 12px !important;padding-bottom: 4px !important;padding-left: 12px !important;border-left-color: #ffffff !important;border-left-style: solid !important;}&#8221;]<div class=\" ubtn-ctn-center \"><a class=\"ubtn-link ult-adjust-bottom-margin ubtn-center ubtn-small \" href=\"http:\/\/www.asociacioncamaraurbana.com\/actualidad\/\" title=\"Actualidad\" ><button type=\"button\" id=\"ubtn-7036\"  class=\"ubtn ult-adjust-bottom-margin ult-responsive ubtn-small ubtn-fade-bg  none  ubtn-center   tooltip-69edcadc6d375\"  data-hover=\"#333333\" data-border-color=\"#ffffff\" data-bg=\"rgba(224,224,224,0.01)\" data-hover-bg=\"#ffffff\" data-border-hover=\"#ffffff\" data-shadow-hover=\"\" data-shadow-click=\"none\" data-shadow=\"\" data-shd-shadow=\"\"  data-ultimate-target='#ubtn-7036'  data-responsive-json-new='{\"font-size\":\"desktop:16px;\",\"line-height\":\"\"}'  style=\"font-weight:normal;border-radius:0px;border-width:1px;border-color:#ffffff;border-style:solid;background: rgba(224,224,224,0.01);color: #ffffff;\"><span class=\"ubtn-hover\" style=\"background-color:#ffffff\"><\/span><span class=\"ubtn-data ubtn-text \" >Ver Noticias<\/span><\/button><\/a><\/div>[\/vc_column_inner][\/vc_row_inner][\/vc_column][vc_column width=&#8221;1\/4&#8243; offset=&#8221;vc_hidden-lg vc_hidden-md vc_hidden-sm vc_hidden-xs&#8221;][vc_row_inner el_id=&#8221;sombra&#8221;][vc_column_inner el_id=&#8221;destacado2&#8243;][vc_custom_heading text=&#8221;Normativas Generales<br \/>\ny de Actualidad&#8221; font_container=&#8221;tag:h3|font_size:20|text_align:left|color:%23ffffff|line_height:1.2&#8243; google_fonts=&#8221;font_family:Roboto%3A100%2C100italic%2C300%2C300italic%2Cregular%2Citalic%2C500%2C500italic%2C700%2C700italic%2C900%2C900italic|font_style:400%20regular%3A400%3Anormal&#8221; css=&#8221;.vc_custom_1584099400250{margin-top: 40px !important;margin-right: 20px !important;margin-left: 20px !important;border-left-width: 1px !important;padding-right: 12px !important;padding-bottom: 4px !important;padding-left: 12px !important;border-left-color: #ffffff !important;border-left-style: solid !important;}&#8221;]<div class=\" ubtn-ctn-center \"><a class=\"ubtn-link ult-adjust-bottom-margin ubtn-center ubtn-small \" href=\"http:\/\/www.asociacioncamaraurbana.com\/actualidad\/normativas-de-actualidad\/\" title=\"Normativas de Actualidad\" ><button type=\"button\" id=\"ubtn-2628\"  class=\"ubtn ult-adjust-bottom-margin ult-responsive ubtn-small ubtn-fade-bg  none  ubtn-center   tooltip-69edcadc6d3f6\"  data-hover=\"#cd1719\" data-border-color=\"#ffffff\" data-bg=\"rgba(224,224,224,0.01)\" data-hover-bg=\"#ffffff\" data-border-hover=\"#ffffff\" data-shadow-hover=\"\" data-shadow-click=\"none\" data-shadow=\"\" data-shd-shadow=\"\"  data-ultimate-target='#ubtn-2628'  data-responsive-json-new='{\"font-size\":\"desktop:16px;\",\"line-height\":\"\"}'  style=\"font-weight:normal;border-radius:0px;border-width:1px;border-color:#ffffff;border-style:solid;background: rgba(224,224,224,0.01);color: #ffffff;\"><span class=\"ubtn-hover\" style=\"background-color:#ffffff\"><\/span><span class=\"ubtn-data ubtn-text \" >Ver Noticias<\/span><\/button><\/a><\/div>[\/vc_column_inner][\/vc_row_inner]<div class='gambit_row_scroll' data-row-entrance='fly-right' data-row-exit='fly-right' data-top-bottom-exit=\"transform: translateX(100vw);opacity: 0;\" data--5p-center-bottom-exit=\"transform: translateX(0vw);opacity: 1;\" data--5p-center-top-entrance=\"transform: translateX(0vw);opacity: 1;\" data-bottom-top-entrance=\"transform: translateX(-100vw);opacity: 1;\" ><\/div>[\/vc_column][vc_column width=&#8221;1\/4&#8243; offset=&#8221;vc_hidden-lg vc_hidden-md vc_hidden-sm vc_hidden-xs&#8221;][vc_row_inner el_id=&#8221;sombra&#8221;][vc_column_inner el_id=&#8221;destacado1&#8243;][vc_custom_heading text=&#8221;La Asociaci\u00f3n<br \/>\nen Medios&#8221; font_container=&#8221;tag:h3|font_size:20|text_align:left|color:%23ffffff|line_height:1.2&#8243; google_fonts=&#8221;font_family:Roboto%3A100%2C100italic%2C300%2C300italic%2Cregular%2Citalic%2C500%2C500italic%2C700%2C700italic%2C900%2C900italic|font_style:400%20regular%3A400%3Anormal&#8221; css=&#8221;.vc_custom_1583855907505{margin-top: 40px !important;margin-right: 20px !important;margin-left: 20px !important;border-left-width: 1px !important;padding-right: 12px !important;padding-bottom: 4px !important;padding-left: 12px !important;border-left-color: #ffffff !important;border-left-style: solid !important;}&#8221;]<div class=\" ubtn-ctn-center \"><a class=\"ubtn-link ult-adjust-bottom-margin ubtn-center ubtn-small \" href=\"http:\/\/www.asociacioncamaraurbana.com\/actualidad\/la-asociacion-en-medios\/\" title=\"La Asociaci\u00f3n en Medios\" ><button type=\"button\" id=\"ubtn-3092\"  class=\"ubtn ult-adjust-bottom-margin ult-responsive ubtn-small ubtn-fade-bg  none  ubtn-center   tooltip-69edcadc6d513\"  data-hover=\"#575656\" data-border-color=\"#ffffff\" data-bg=\"rgba(224,224,224,0.01)\" data-hover-bg=\"#ffffff\" data-border-hover=\"#ffffff\" data-shadow-hover=\"\" data-shadow-click=\"none\" data-shadow=\"\" data-shd-shadow=\"\"  data-ultimate-target='#ubtn-3092'  data-responsive-json-new='{\"font-size\":\"desktop:16px;\",\"line-height\":\"\"}'  style=\"font-weight:normal;border-radius:0px;border-width:1px;border-color:#ffffff;border-style:solid;background: rgba(224,224,224,0.01);color: #ffffff;\"><span class=\"ubtn-hover\" style=\"background-color:#ffffff\"><\/span><span class=\"ubtn-data ubtn-text \" >Ver Noticias<\/span><\/button><\/a><\/div>[\/vc_column_inner][\/vc_row_inner][\/vc_column][vc_column width=&#8221;1\/4&#8243; offset=&#8221;vc_hidden-lg vc_hidden-md vc_hidden-sm vc_hidden-xs&#8221;][vc_row_inner el_id=&#8221;sombra&#8221;][vc_column_inner el_id=&#8221;destacado3&#8243;][vc_custom_heading text=&#8221;Actualidad<br \/>\nGeneral&#8221; font_container=&#8221;tag:h3|font_size:20|text_align:left|color:%23ffffff|line_height:1.2&#8243; google_fonts=&#8221;font_family:Roboto%3A100%2C100italic%2C300%2C300italic%2Cregular%2Citalic%2C500%2C500italic%2C700%2C700italic%2C900%2C900italic|font_style:400%20regular%3A400%3Anormal&#8221; css=&#8221;.vc_custom_1583855946295{margin-top: 40px !important;margin-right: 20px !important;margin-left: 20px !important;border-left-width: 1px !important;padding-right: 12px !important;padding-bottom: 4px !important;padding-left: 12px !important;border-left-color: #ffffff !important;border-left-style: solid !important;}&#8221;]<div class=\" vc_custom_1583939576146 ubtn-ctn-center \"><a class=\"ubtn-link ult-adjust-bottom-margin ubtn-center ubtn-small \" href=\"http:\/\/www.asociacioncamaraurbana.com\/actualidad\/actualidad-general\/\" title=\"Actualidad General\" ><button type=\"button\" id=\"ubtn-5295\"  class=\"ubtn ult-adjust-bottom-margin ult-responsive ubtn-small ubtn-fade-bg  none  ubtn-center   tooltip-69edcadc6d593\"  data-hover=\"#3b2850\" data-border-color=\"#ffffff\" data-bg=\"rgba(224,224,224,0.01)\" data-hover-bg=\"#ffffff\" data-border-hover=\"#ffffff\" data-shadow-hover=\"\" data-shadow-click=\"none\" data-shadow=\"\" data-shd-shadow=\"\"  data-ultimate-target='#ubtn-5295'  data-responsive-json-new='{\"font-size\":\"desktop:16px;\",\"line-height\":\"\"}'  style=\"font-weight:normal;border-radius:0px;border-width:1px;border-color:#ffffff;border-style:solid;background: rgba(224,224,224,0.01);color: #ffffff;\"><span class=\"ubtn-hover\" style=\"background-color:#ffffff\"><\/span><span class=\"ubtn-data ubtn-text \" >Ver Noticias<\/span><\/button><\/a><\/div>[\/vc_column_inner][\/vc_row_inner][\/vc_column][\/vc_row][vc_row][vc_column]<div class=\"templatera_shortcode\"><style type=\"text\/css\" data-type=\"vc_shortcodes-default-css\">.vc_do_custom_heading{margin-bottom:0.625rem;margin-top:0;}<\/style><style type=\"text\/css\" data-type=\"vc_shortcodes-custom-css\">.vc_custom_1583748598858{margin-right: 10px !important;margin-bottom: 0px !important;margin-left: 10px !important;border-bottom-width: 0px !important;padding-bottom: 0px !important;}.vc_custom_1583855832228{margin-top: 40px !important;margin-right: 20px !important;margin-left: 20px !important;border-left-width: 1px !important;padding-right: 12px !important;padding-bottom: 4px !important;padding-left: 12px !important;border-left-color: #ffffff !important;border-left-style: solid !important;}.vc_custom_1584099400250{margin-top: 40px !important;margin-right: 20px !important;margin-left: 20px !important;border-left-width: 1px !important;padding-right: 12px !important;padding-bottom: 4px !important;padding-left: 12px !important;border-left-color: #ffffff !important;border-left-style: solid !important;}.vc_custom_1583855907505{margin-top: 40px !important;margin-right: 20px !important;margin-left: 20px !important;border-left-width: 1px !important;padding-right: 12px !important;padding-bottom: 4px !important;padding-left: 12px !important;border-left-color: #ffffff !important;border-left-style: solid !important;}.vc_custom_1583855946295{margin-top: 40px !important;margin-right: 20px !important;margin-left: 20px !important;border-left-width: 1px !important;padding-right: 12px !important;padding-bottom: 4px !important;padding-left: 12px !important;border-left-color: #ffffff !important;border-left-style: solid !important;}<\/style><div id=\"destacadoarriba\" class=\"vc_row wpb_row vc_row-fluid vc_custom_1583748598858 vc_row-has-fill vc_column-gap-20\"><div class=\"wpb_column vc_column_container vc_col-sm-3\"><div class=\"vc_column-inner\"><div class=\"wpb_wrapper\"><div id=\"sombra\" class=\"vc_row wpb_row vc_inner vc_row-fluid\"><div class=\"wpb_column vc_column_container vc_col-sm-12\" id=\"destacado4\"><div class=\"vc_column-inner\"><div class=\"wpb_wrapper\"><h3 style=\"font-size: 20px;color: #ffffff;line-height: 1.2;text-align: left;font-family:Roboto;font-weight:400;font-style:normal\" class=\"vc_custom_heading vc_do_custom_heading vc_custom_1583855832228\" >Toda la\r\nActualidad<\/h3><div class=\" ubtn-ctn-center centrar\"><a class=\"ubtn-link ult-adjust-bottom-margin ubtn-center ubtn-small centrar\" href=\"http:\/\/www.asociacioncamaraurbana.com\/actualidad\/\" title=\"Actualidad\" ><button type=\"button\" id=\"ubtn-8949\"  class=\"ubtn ult-adjust-bottom-margin ult-responsive ubtn-small ubtn-fade-bg  none  ubtn-center   tooltip-69edcadc6f14d\"  data-hover=\"#3b2850\" data-border-color=\"#ffffff\" data-bg=\"rgba(224,224,224,0.01)\" data-hover-bg=\"#ffffff\" data-border-hover=\"#ffffff\" data-shadow-hover=\"\" data-shadow-click=\"none\" data-shadow=\"\" data-shd-shadow=\"\"  data-ultimate-target='#ubtn-8949'  data-responsive-json-new='{\"font-size\":\"desktop:16px;\",\"line-height\":\"\"}'  style=\"font-weight:normal;border-radius:0px;border-width:1px;border-color:#ffffff;border-style:solid;background: rgba(224,224,224,0.01);color: #ffffff;\"><span class=\"ubtn-hover\" style=\"background-color:#ffffff\"><\/span><span class=\"ubtn-data ubtn-text \" >Ver Noticias<\/span><\/button><\/a><\/div><\/div><\/div><\/div><\/div><\/div><\/div><\/div><div class=\"wpb_column vc_column_container vc_col-sm-3\"><div class=\"vc_column-inner\"><div class=\"wpb_wrapper\"><div id=\"sombra\" class=\"vc_row wpb_row vc_inner vc_row-fluid\"><div class=\"wpb_column vc_column_container vc_col-sm-12\" id=\"destacado2\"><div class=\"vc_column-inner\"><div class=\"wpb_wrapper\"><h3 style=\"font-size: 20px;color: #ffffff;line-height: 1.2;text-align: left;font-family:Roboto;font-weight:400;font-style:normal\" class=\"vc_custom_heading vc_do_custom_heading vc_custom_1584099400250\" >Normativas Generales\r\ny de Actualidad<\/h3><div class=\" ubtn-ctn-center centrar\"><a class=\"ubtn-link ult-adjust-bottom-margin ubtn-center ubtn-small centrar\" href=\"http:\/\/www.asociacioncamaraurbana.com\/actualidad\/normativas-de-actualidad\/\" title=\"Normativas de Actualidad\" ><button type=\"button\" id=\"ubtn-8248\" onclick=\"centrarfondo\" class=\"ubtn ult-adjust-bottom-margin ult-responsive ubtn-small ubtn-no-hover-bg  none  ubtn-center   tooltip-69edcadc6f87b\"  data-hover=\"#cd1719\" data-border-color=\"#ffffff\" data-bg=\"rgba(255,255,255,0.01)\" data-hover-bg=\"rgba(255,255,255,0.99)\" data-border-hover=\"#ffffff\" data-shadow-hover=\"\" data-shadow-click=\"none\" data-shadow=\"\" data-shd-shadow=\"\"  data-ultimate-target='#ubtn-8248'  data-responsive-json-new='{\"font-size\":\"desktop:16px;\",\"line-height\":\"\"}'  style=\"font-weight:normal;border-radius:0px;border-width:1px;border-color:#ffffff;border-style:solid;background: rgba(255,255,255,0.01);color: #ffffff;\"><span class=\"ubtn-hover\" style=\"background-color:rgba(255,255,255,0.99)\"><\/span><span class=\"ubtn-data ubtn-text \" >Ver Noticias<\/span><\/button><\/a><\/div><\/div><\/div><\/div><\/div><div class='gambit_row_scroll' data-row-entrance='fly-right' data-row-exit='fly-right' data-top-bottom-exit=\"transform: translateX(100vw);opacity: 0;\" data--5p-center-bottom-exit=\"transform: translateX(0vw);opacity: 1;\" data--5p-center-top-entrance=\"transform: translateX(0vw);opacity: 1;\" data-bottom-top-entrance=\"transform: translateX(-100vw);opacity: 1;\" ><\/div><\/div><\/div><\/div><div class=\"wpb_column vc_column_container vc_col-sm-3\"><div class=\"vc_column-inner\"><div class=\"wpb_wrapper\"><div id=\"sombra\" class=\"vc_row wpb_row vc_inner vc_row-fluid\"><div class=\"wpb_column vc_column_container vc_col-sm-12\" id=\"destacado1\"><div class=\"vc_column-inner\"><div class=\"wpb_wrapper\"><h3 style=\"font-size: 20px;color: #ffffff;line-height: 1.2;text-align: left;font-family:Roboto;font-weight:400;font-style:normal\" class=\"vc_custom_heading vc_do_custom_heading vc_custom_1583855907505\" >La Asociaci\u00f3n\r\nen Medios<\/h3><div class=\" ubtn-ctn-center centrar\"><a class=\"ubtn-link ult-adjust-bottom-margin ubtn-center ubtn-small centrar\" href=\"http:\/\/www.asociacioncamaraurbana.com\/actualidad\/la-asociacion-en-medios\/\" title=\"La Asociaci\u00f3n en Medios\" ><button type=\"button\" id=\"ubtn-6169\"  class=\"ubtn ult-adjust-bottom-margin ult-responsive ubtn-small ubtn-fade-bg  none  ubtn-center   tooltip-69edcadc6fe70\"  data-hover=\"#575656\" data-border-color=\"#ffffff\" data-bg=\"rgba(224,224,224,0.01)\" data-hover-bg=\"#ffffff\" data-border-hover=\"#ffffff\" data-shadow-hover=\"\" data-shadow-click=\"none\" data-shadow=\"\" data-shd-shadow=\"\"  data-ultimate-target='#ubtn-6169'  data-responsive-json-new='{\"font-size\":\"desktop:16px;\",\"line-height\":\"\"}'  style=\"font-weight:normal;border-radius:0px;border-width:1px;border-color:#ffffff;border-style:solid;background: rgba(224,224,224,0.01);color: #ffffff;\"><span class=\"ubtn-hover\" style=\"background-color:#ffffff\"><\/span><span class=\"ubtn-data ubtn-text \" >Ver Noticias<\/span><\/button><\/a><\/div><\/div><\/div><\/div><\/div><\/div><\/div><\/div><div class=\"wpb_column vc_column_container vc_col-sm-3\"><div class=\"vc_column-inner\"><div class=\"wpb_wrapper\"><div id=\"sombra\" class=\"vc_row wpb_row vc_inner vc_row-fluid\"><div class=\"wpb_column vc_column_container vc_col-sm-12\" id=\"destacado3\"><div class=\"vc_column-inner\"><div class=\"wpb_wrapper\"><h3 style=\"font-size: 20px;color: #ffffff;line-height: 1.2;text-align: left;font-family:Roboto;font-weight:400;font-style:normal\" class=\"vc_custom_heading vc_do_custom_heading vc_custom_1583855946295\" >Actualidad\r\nGeneral<\/h3><div class=\" vc_custom_1588088473228 ubtn-ctn-center centrar\"><a class=\"ubtn-link ult-adjust-bottom-margin ubtn-center ubtn-small centrar\" href=\"http:\/\/www.asociacioncamaraurbana.com\/actualidad\/actualidad-general\/\" title=\"Actualidad General\" ><button type=\"button\" id=\"ubtn-7256\"  class=\"ubtn ult-adjust-bottom-margin ult-responsive ubtn-small ubtn-fade-bg  none  ubtn-center   tooltip-69edcadc70396\"  data-hover=\"#3b2850\" data-border-color=\"#ffffff\" data-bg=\"rgba(224,224,224,0.01)\" data-hover-bg=\"#ffffff\" data-border-hover=\"#ffffff\" data-shadow-hover=\"\" data-shadow-click=\"none\" data-shadow=\"\" data-shd-shadow=\"\"  data-ultimate-target='#ubtn-7256'  data-responsive-json-new='{\"font-size\":\"desktop:16px;\",\"line-height\":\"\"}'  style=\"font-weight:normal;border-radius:0px;border-width:1px;border-color:#ffffff;border-style:solid;background: rgba(224,224,224,0.01);color: #ffffff;\"><span class=\"ubtn-hover\" style=\"background-color:#ffffff\"><\/span><span class=\"ubtn-data ubtn-text \" >Ver Noticias<\/span><\/button><\/a><\/div><\/div><\/div><\/div><\/div><\/div><\/div><\/div><\/div><\/div>[\/vc_column][\/vc_row][vc_row full_width=&#8221;stretch_row&#8221; el_id=&#8221;degragris2&#8243; css=&#8221;.vc_custom_1583749735333{margin-top: 0px !important;margin-bottom: 0px !important;border-top-width: 0px !important;border-bottom-width: 0px !important;padding-top: 0px !important;padding-bottom: 0px !important;}&#8221;][vc_column css=&#8221;.vc_custom_1583748875692{margin-top: 0px !important;margin-bottom: 0px !important;border-top-width: 0px !important;border-bottom-width: 0px !important;padding-top: 0px !important;padding-bottom: 0px !important;}&#8221;][\/vc_column][\/vc_row][vc_row full_width=&#8221;stretch_row&#8221; css=&#8221;.vc_custom_1583939934609{margin-top: 0px !important;border-top-width: 0px !important;padding-top: 0px !important;}&#8221;][vc_column css=&#8221;.vc_custom_1583939941783{margin-top: 0px !important;border-top-width: 0px !important;padding-top: 0px !important;}&#8221;]<div class=\"templatera_shortcode\"><style type=\"text\/css\" data-type=\"vc_shortcodes-default-css\">.vc_do_custom_heading{margin-bottom:0.625rem;margin-top:0;}<\/style><style type=\"text\/css\" data-type=\"vc_shortcodes-custom-css\">.vc_custom_1583751222898{margin-top: -3px !important;border-top-width: 0px !important;padding-top: 0px !important;}.vc_custom_1587994609312{margin-top: 0px !important;margin-bottom: 0px !important;border-top-width: 0px !important;border-bottom-width: 0px !important;padding-top: 0px !important;padding-bottom: 0px !important;}.vc_custom_1583483156874{margin-top: 0px !important;border-top-width: 0px !important;padding-top: 0px !important;}.vc_custom_1583483618877{margin-top: 0px !important;border-top-width: 0px !important;padding-top: 50px !important;}.vc_custom_1583483497664{margin-top: 0px !important;border-top-width: 0px !important;padding-top: 0px !important;}.vc_custom_1583483224405{margin-top: 0px !important;border-top-width: 0px !important;padding-top: 0px !important;}.vc_custom_1583492385129{margin-top: 0px !important;border-top-width: 0px !important;padding-top: 0px !important;}.vc_custom_1583484323294{border-left-width: 2px !important;padding-bottom: 8px !important;padding-left: 10px !important;border-left-color: #cd1719 !important;border-left-style: solid !important;}.vc_custom_1583484331728{border-left-width: 2px !important;padding-bottom: 8px !important;padding-left: 10px !important;border-left-color: #cd1719 !important;border-left-style: solid !important;}.vc_custom_1583484341381{border-left-width: 2px !important;padding-bottom: 8px !important;padding-left: 10px !important;border-left-color: #cd1719 !important;border-left-style: solid !important;}.vc_custom_1587994621899{margin-top: 0px !important;margin-bottom: 0px !important;border-top-width: 0px !important;border-bottom-width: 0px !important;padding-top: 0px !important;padding-bottom: 0px !important;background-color: #000000 !important;}.vc_custom_1770021422217{padding-top: 15px !important;padding-bottom: 5px !important;}<\/style><div id=\"degragris3\" data-vc-full-width=\"true\" data-vc-full-width-init=\"false\" class=\"vc_row wpb_row vc_row-fluid vc_custom_1583751222898 vc_row-has-fill\"><div class=\"wpb_column vc_column_container vc_col-sm-12 vc_col-has-fill\"><div class=\"vc_column-inner vc_custom_1583483156874\"><div class=\"wpb_wrapper\"><div class=\"vc_row wpb_row vc_inner vc_row-fluid vc_custom_1583483618877 vc_row-has-fill vc_column-gap-20\"><div class=\"wpb_column vc_column_container vc_col-sm-6 vc_col-has-fill\"><div class=\"vc_column-inner vc_custom_1583483497664\"><div class=\"wpb_wrapper\"><h3 style=\"font-size: 20px;color: #ffffff;line-height: 1.2;text-align: left;font-family:Roboto;font-weight:400;font-style:normal\" class=\"vc_custom_heading vc_do_custom_heading vc_custom_1583484323294\" >Sobre Nosotros<\/h3>\n\t<div class=\"wpb_text_column wpb_content_element\" >\n\t\t<div class=\"wpb_wrapper\">\n\t\t\t<p class=\"p1\"><span style=\"color: #ffffff;\">Hay ocasiones en las que ser propietario de un piso o local puede causar problemas: compraventas, alquileres, derechos y obligaciones en la Comunidad de propietarios, reparaciones, impuestos, normativa urban\u00edstica. La mejor manera de solucionar estos problemas es contar con un asesoramiento e informaci\u00f3n veraz y eficaz.<\/span><\/p>\n<p class=\"p1\"><span class=\"s1\" style=\"color: #ffffff;\">La Asociaci\u00f3n forma parte de la confederaci\u00f3n nacional de C\u00e1maras Urbanas del Estado y a trav\u00e9s de ellas, de la Uni\u00f3n Internacional de Propiedad Inmobiliaria (UIPI), con sede en Bruselas.<\/span><\/p>\n\n\t\t<\/div>\n\t<\/div>\n<\/div><\/div><\/div><div class=\"wpb_column vc_column_container vc_col-sm-3 vc_col-has-fill\"><div class=\"vc_column-inner vc_custom_1583483224405\"><div class=\"wpb_wrapper\"><h3 style=\"font-size: 20px;color: #ffffff;line-height: 1.2;text-align: left;font-family:Roboto;font-weight:400;font-style:normal\" class=\"vc_custom_heading vc_do_custom_heading vc_custom_1583484331728\" >\u00bfD\u00f3nde Estamos?<\/h3><div class=\"uavc-list-icon uavc-list-icon-wrapper ult-adjust-bottom-margin   \"><ul class=\"uavc-list\"><li><div class=\"uavc-list-content\" id=\"list-icon-wrap-9953\">\n<div class=\"uavc-list-icon  \" data-animation=\"\" data-animation-delay=\"03\" style=\"margin-right:5px;\"><div class=\"ult-just-icon-wrapper  \"><div class=\"align-icon\" style=\"text-align:center;\">\n<div class=\"aio-icon-img \" style=\"font-size:8px;display:inline-block;\" >\n\t<img decoding=\"async\" class=\"img-icon\" alt=\"null\" src=\"https:\/\/www.asociacioncamaraurbana.com\/wp-content\/uploads\/2020\/03\/barra-roja.png\"\/>\n<\/div><\/div><\/div>\n<\/div><span  data-ultimate-target='#list-icon-wrap-9953 .uavc-list-desc'  data-responsive-json-new='{\"font-size\":\"desktop:14px;\",\"line-height\":\"\"}'  class=\"uavc-list-desc ult-responsive\" style=\"color:#ffffff;\">C\/ Marqu\u00e9s del puerto 4, 1\u00ba Drch<br \/>\r\nBILBAO<\/span><\/div><\/li><li><div class=\"uavc-list-content\" id=\"list-icon-wrap-2511\">\n<div class=\"uavc-list-icon  \" data-animation=\"\" data-animation-delay=\"03\" style=\"margin-right:5px;\"><div class=\"ult-just-icon-wrapper  \"><div class=\"align-icon\" style=\"text-align:center;\">\n<div class=\"aio-icon-img \" style=\"font-size:8px;display:inline-block;\" >\n\t<img decoding=\"async\" class=\"img-icon\" alt=\"null\" src=\"https:\/\/www.asociacioncamaraurbana.com\/wp-content\/uploads\/2020\/03\/barra-roja.png\"\/>\n<\/div><\/div><\/div>\n<\/div><span  data-ultimate-target='#list-icon-wrap-2511 .uavc-list-desc'  data-responsive-json-new='{\"font-size\":\"desktop:14px;\",\"line-height\":\"\"}'  class=\"uavc-list-desc ult-responsive\" style=\"color:#ffffff;\">Tel\u00e9fono: 944 237 198<\/span><\/div><\/li><li><div class=\"uavc-list-content\" id=\"list-icon-wrap-4377\">\n<div class=\"uavc-list-icon  \" data-animation=\"\" data-animation-delay=\"03\" style=\"margin-right:5px;\"><div class=\"ult-just-icon-wrapper  \"><div class=\"align-icon\" style=\"text-align:center;\">\n<div class=\"aio-icon-img \" style=\"font-size:8px;display:inline-block;\" >\n\t<img decoding=\"async\" class=\"img-icon\" alt=\"null\" src=\"https:\/\/www.asociacioncamaraurbana.com\/wp-content\/uploads\/2020\/03\/barra-roja.png\"\/>\n<\/div><\/div><\/div>\n<\/div><span  data-ultimate-target='#list-icon-wrap-4377 .uavc-list-desc'  data-responsive-json-new='{\"font-size\":\"desktop:14px;\",\"line-height\":\"\"}'  class=\"uavc-list-desc ult-responsive\" style=\"color:#ffffff;\">Fax: 944 249 818<\/span><\/div><\/li><\/ul><\/div><\/div><\/div><\/div><div class=\"wpb_column vc_column_container vc_col-sm-3 vc_col-has-fill\" id=\"linkpie\"><div class=\"vc_column-inner vc_custom_1583492385129\"><div class=\"wpb_wrapper\"><h3 style=\"font-size: 20px;color: #ffffff;line-height: 1.2;text-align: left;font-family:Roboto;font-weight:400;font-style:normal\" class=\"vc_custom_heading vc_do_custom_heading vc_custom_1583484341381\" >Pol\u00edticas de Privacidad<\/h3><div class=\"uavc-list-icon uavc-list-icon-wrapper ult-adjust-bottom-margin   \"><ul class=\"uavc-list\"><li><div class=\"uavc-list-content\" id=\"list-icon-wrap-2677\">\n<div class=\"uavc-list-icon  \" data-animation=\"\" data-animation-delay=\"03\" style=\"margin-right:5px;\"><div class=\"ult-just-icon-wrapper  \"><div class=\"align-icon\" style=\"text-align:center;\">\n<div class=\"aio-icon-img \" style=\"font-size:8px;display:inline-block;\" >\n\t<img decoding=\"async\" class=\"img-icon\" alt=\"null\" src=\"https:\/\/www.asociacioncamaraurbana.com\/wp-content\/uploads\/2020\/03\/barra-roja.png\"\/>\n<\/div><\/div><\/div>\n<\/div><span  data-ultimate-target='#list-icon-wrap-2677 .uavc-list-desc'  data-responsive-json-new='{\"font-size\":\"desktop:14px;\",\"line-height\":\"\"}'  class=\"uavc-list-desc ult-responsive\" style=\"color:#ffffff;\"><a href=\"http:\/\/www.asociacioncamaraurbana.com\/aviso-legal\/\">Aviso Legal<\/a><\/span><\/div><\/li><li><div class=\"uavc-list-content\" id=\"list-icon-wrap-1293\">\n<div class=\"uavc-list-icon  \" data-animation=\"\" data-animation-delay=\"03\" style=\"margin-right:5px;\"><div class=\"ult-just-icon-wrapper  \"><div class=\"align-icon\" style=\"text-align:center;\">\n<div class=\"aio-icon-img \" style=\"font-size:8px;display:inline-block;\" >\n\t<img decoding=\"async\" class=\"img-icon\" alt=\"null\" src=\"https:\/\/www.asociacioncamaraurbana.com\/wp-content\/uploads\/2020\/03\/barra-roja.png\"\/>\n<\/div><\/div><\/div>\n<\/div><span  data-ultimate-target='#list-icon-wrap-1293 .uavc-list-desc'  data-responsive-json-new='{\"font-size\":\"desktop:14px;\",\"line-height\":\"\"}'  class=\"uavc-list-desc ult-responsive\" style=\"color:#ffffff;\"><a href=\"http:\/\/www.asociacioncamaraurbana.com\/politica-de-proteccion-de-datos\/\">Pol\u00edtica de Protecci\u00f3n de Datos<\/a><\/span><\/div><\/li><li><div class=\"uavc-list-content\" id=\"list-icon-wrap-3674\">\n<div class=\"uavc-list-icon  \" data-animation=\"\" data-animation-delay=\"03\" style=\"margin-right:5px;\"><div class=\"ult-just-icon-wrapper  \"><div class=\"align-icon\" style=\"text-align:center;\">\n<div class=\"aio-icon-img \" style=\"font-size:8px;display:inline-block;\" >\n\t<img decoding=\"async\" class=\"img-icon\" alt=\"null\" src=\"https:\/\/www.asociacioncamaraurbana.com\/wp-content\/uploads\/2020\/03\/barra-roja.png\"\/>\n<\/div><\/div><\/div>\n<\/div><span  data-ultimate-target='#list-icon-wrap-3674 .uavc-list-desc'  data-responsive-json-new='{\"font-size\":\"desktop:14px;\",\"line-height\":\"\"}'  class=\"uavc-list-desc ult-responsive\" style=\"color:#ffffff;\"><a href=\"http:\/\/www.asociacioncamaraurbana.com\/politica-de-cookies\/\">Pol\u00edtica de Cookies<\/a><\/span><\/div><\/li><\/ul><\/div><\/div><\/div><\/div><\/div><\/div><\/div><\/div><\/div><div class=\"vc_row-full-width vc_clearfix\"><\/div><div id=\"piepie\" data-vc-full-width=\"true\" data-vc-full-width-init=\"false\" data-vc-stretch-content=\"true\" class=\"vc_row wpb_row vc_row-fluid vc_custom_1587994609312 vc_row-has-fill\"><div class=\"wpb_column vc_column_container vc_col-sm-12 vc_col-has-fill\"><div class=\"vc_column-inner vc_custom_1587994621899\"><div class=\"wpb_wrapper\"><p style=\"font-size: 15px;color: #ffffff;line-height: 1.1;text-align: center;font-family:Roboto Condensed;font-weight:400;font-style:normal\" class=\"vc_custom_heading vc_do_custom_heading vc_custom_1770021422217\" >\u00a9 Copyright 2026. C\u00e1mara Urbana de Bizkaia<\/p><\/div><\/div><\/div><\/div><div class=\"vc_row-full-width vc_clearfix\"><\/div><!-- Row Backgrounds --><div class=\"upb_color\" data-bg-override=\"0\" data-bg-color=\"#000000\" data-fadeout=\"\" data-fadeout-percentage=\"30\" data-parallax-content=\"\" data-parallax-content-sense=\"30\" data-row-effect-mobile-disable=\"true\" data-img-parallax-mobile-disable=\"true\" data-rtl=\"false\"  data-custom-vc-row=\"\"  data-vc=\"8.4.1\"  data-is_old_vc=\"\"  data-theme-support=\"\"   data-overlay=\"false\" data-overlay-color=\"\" data-overlay-pattern=\"\" data-overlay-pattern-opacity=\"\" data-overlay-pattern-size=\"\"    ><\/div>\r\n<\/div>[\/vc_column][\/vc_row]<\/p>\n<\/div>","protected":false},"excerpt":{"rendered":"Normativas Generales y de ActualidadInstrucciones t\u00e9cnicas a los Ayuntamientos sobre la gesti\u00f3n del Padr\u00f3n municipalResoluci\u00f3n de 29 de abril de 2020, de la Subsecretar\u00eda, por la que se publica la Resoluci\u00f3n de 17 de febrero de 2020 Resoluci\u00f3n de 29 de abril de 2020, de la Subsecretar\u00eda, por la que se publica la Resoluci\u00f3n de... <a class=\"view-article\" href=\"https:\/\/www.asociacioncamaraurbana.com\/eu\/ministerio-de-la-presidencia-relaciones-con-las-cortes-y-memoria-democratica\/\">View Article<\/a>","protected":false},"author":1,"featured_media":806,"comment_status":"closed","ping_status":"closed","sticky":false,"template":"","format":"standard","meta":{"_acf_changed":false,"footnotes":""},"categories":[15],"tags":[],"class_list":["post-1504","post","type-post","status-publish","format-standard","has-post-thumbnail","hentry","category-araudi-orokorrak-gaur-egungoak"],"acf":[],"yoast_head":"<!-- This site is optimized with the Yoast SEO plugin v27.3 - https:\/\/yoast.com\/product\/yoast-seo-wordpress\/ -->\n<title>Instrucciones t\u00e9cnicas a los Ayuntamientos sobre la gesti\u00f3n del Padr\u00f3n municipal - C\u00e1mara Urbana de Bizkaia<\/title>\n<meta name=\"robots\" content=\"index, follow, max-snippet:-1, max-image-preview:large, max-video-preview:-1\" \/>\n<link rel=\"canonical\" href=\"https:\/\/www.asociacioncamaraurbana.com\/eu\/ministerio-de-la-presidencia-relaciones-con-las-cortes-y-memoria-democratica\/\" \/>\n<meta property=\"og:locale\" content=\"eu_ES\" \/>\n<meta property=\"og:type\" content=\"article\" \/>\n<meta property=\"og:title\" content=\"Instrucciones t\u00e9cnicas a los Ayuntamientos sobre la gesti\u00f3n del Padr\u00f3n municipal - C\u00e1mara Urbana de Bizkaia\" \/>\n<meta property=\"og:url\" content=\"https:\/\/www.asociacioncamaraurbana.com\/eu\/ministerio-de-la-presidencia-relaciones-con-las-cortes-y-memoria-democratica\/\" \/>\n<meta property=\"og:site_name\" content=\"C\u00e1mara Urbana de Bizkaia\" \/>\n<meta property=\"article:published_time\" content=\"2020-05-08T15:26:48+00:00\" \/>\n<meta property=\"article:modified_time\" content=\"2022-12-09T08:34:40+00:00\" \/>\n<meta property=\"og:image\" content=\"https:\/\/www.asociacioncamaraurbana.com\/wp-content\/uploads\/2020\/04\/template-img.jpg\" \/>\n\t<meta property=\"og:image:width\" content=\"1000\" \/>\n\t<meta property=\"og:image:height\" content=\"681\" \/>\n\t<meta property=\"og:image:type\" content=\"image\/jpeg\" \/>\n<meta name=\"author\" content=\"komunika\" \/>\n<meta name=\"twitter:card\" content=\"summary_large_image\" \/>\n<meta name=\"twitter:label1\" content=\"Written by\" \/>\n\t<meta name=\"twitter:data1\" content=\"komunika\" \/>\n\t<meta name=\"twitter:label2\" content=\"Est. reading time\" \/>\n\t<meta name=\"twitter:data2\" content=\"10 minutes\" \/>\n<script type=\"application\/ld+json\" class=\"yoast-schema-graph\">{\"@context\":\"https:\\\/\\\/schema.org\",\"@graph\":[{\"@type\":\"Article\",\"@id\":\"https:\\\/\\\/www.asociacioncamaraurbana.com\\\/eu\\\/ministerio-de-la-presidencia-relaciones-con-las-cortes-y-memoria-democratica\\\/#article\",\"isPartOf\":{\"@id\":\"https:\\\/\\\/www.asociacioncamaraurbana.com\\\/eu\\\/ministerio-de-la-presidencia-relaciones-con-las-cortes-y-memoria-democratica\\\/\"},\"author\":{\"name\":\"komunika\",\"@id\":\"https:\\\/\\\/www.asociacioncamaraurbana.com\\\/#\\\/schema\\\/person\\\/b041c8e1a2cf740b9c87070ca78dc7c4\"},\"headline\":\"Instrucciones t\u00e9cnicas a los Ayuntamientos sobre la gesti\u00f3n del Padr\u00f3n municipal\",\"datePublished\":\"2020-05-08T15:26:48+00:00\",\"dateModified\":\"2022-12-09T08:34:40+00:00\",\"mainEntityOfPage\":{\"@id\":\"https:\\\/\\\/www.asociacioncamaraurbana.com\\\/eu\\\/ministerio-de-la-presidencia-relaciones-con-las-cortes-y-memoria-democratica\\\/\"},\"wordCount\":2082,\"publisher\":{\"@id\":\"https:\\\/\\\/www.asociacioncamaraurbana.com\\\/#organization\"},\"image\":{\"@id\":\"https:\\\/\\\/www.asociacioncamaraurbana.com\\\/eu\\\/ministerio-de-la-presidencia-relaciones-con-las-cortes-y-memoria-democratica\\\/#primaryimage\"},\"thumbnailUrl\":\"https:\\\/\\\/www.asociacioncamaraurbana.com\\\/wp-content\\\/uploads\\\/2020\\\/04\\\/template-img.jpg\",\"articleSection\":[\"Araudi orokorrak eta gaur egungoak\"],\"inLanguage\":\"eu-ES\"},{\"@type\":\"WebPage\",\"@id\":\"https:\\\/\\\/www.asociacioncamaraurbana.com\\\/eu\\\/ministerio-de-la-presidencia-relaciones-con-las-cortes-y-memoria-democratica\\\/\",\"url\":\"https:\\\/\\\/www.asociacioncamaraurbana.com\\\/eu\\\/ministerio-de-la-presidencia-relaciones-con-las-cortes-y-memoria-democratica\\\/\",\"name\":\"Instrucciones t\u00e9cnicas a los Ayuntamientos sobre la gesti\u00f3n del Padr\u00f3n municipal - C\u00e1mara Urbana de Bizkaia\",\"isPartOf\":{\"@id\":\"https:\\\/\\\/www.asociacioncamaraurbana.com\\\/#website\"},\"primaryImageOfPage\":{\"@id\":\"https:\\\/\\\/www.asociacioncamaraurbana.com\\\/eu\\\/ministerio-de-la-presidencia-relaciones-con-las-cortes-y-memoria-democratica\\\/#primaryimage\"},\"image\":{\"@id\":\"https:\\\/\\\/www.asociacioncamaraurbana.com\\\/eu\\\/ministerio-de-la-presidencia-relaciones-con-las-cortes-y-memoria-democratica\\\/#primaryimage\"},\"thumbnailUrl\":\"https:\\\/\\\/www.asociacioncamaraurbana.com\\\/wp-content\\\/uploads\\\/2020\\\/04\\\/template-img.jpg\",\"datePublished\":\"2020-05-08T15:26:48+00:00\",\"dateModified\":\"2022-12-09T08:34:40+00:00\",\"breadcrumb\":{\"@id\":\"https:\\\/\\\/www.asociacioncamaraurbana.com\\\/eu\\\/ministerio-de-la-presidencia-relaciones-con-las-cortes-y-memoria-democratica\\\/#breadcrumb\"},\"inLanguage\":\"eu-ES\",\"potentialAction\":[{\"@type\":\"ReadAction\",\"target\":[\"https:\\\/\\\/www.asociacioncamaraurbana.com\\\/eu\\\/ministerio-de-la-presidencia-relaciones-con-las-cortes-y-memoria-democratica\\\/\"]}]},{\"@type\":\"ImageObject\",\"inLanguage\":\"eu-ES\",\"@id\":\"https:\\\/\\\/www.asociacioncamaraurbana.com\\\/eu\\\/ministerio-de-la-presidencia-relaciones-con-las-cortes-y-memoria-democratica\\\/#primaryimage\",\"url\":\"https:\\\/\\\/www.asociacioncamaraurbana.com\\\/wp-content\\\/uploads\\\/2020\\\/04\\\/template-img.jpg\",\"contentUrl\":\"https:\\\/\\\/www.asociacioncamaraurbana.com\\\/wp-content\\\/uploads\\\/2020\\\/04\\\/template-img.jpg\",\"width\":1000,\"height\":681},{\"@type\":\"BreadcrumbList\",\"@id\":\"https:\\\/\\\/www.asociacioncamaraurbana.com\\\/eu\\\/ministerio-de-la-presidencia-relaciones-con-las-cortes-y-memoria-democratica\\\/#breadcrumb\",\"itemListElement\":[{\"@type\":\"ListItem\",\"position\":1,\"name\":\"Portada\",\"item\":\"https:\\\/\\\/www.asociacioncamaraurbana.com\\\/eu\\\/inicio\\\/\"},{\"@type\":\"ListItem\",\"position\":2,\"name\":\"Instrucciones t\u00e9cnicas a los Ayuntamientos sobre la gesti\u00f3n del Padr\u00f3n municipal\"}]},{\"@type\":\"WebSite\",\"@id\":\"https:\\\/\\\/www.asociacioncamaraurbana.com\\\/#website\",\"url\":\"https:\\\/\\\/www.asociacioncamaraurbana.com\\\/\",\"name\":\"C\u00e1mara Urbana de Bizkaia\",\"description\":\"Al servicio de todos los propietarios para resolver las cuestiones legales y t\u00e9cnicas que afectan a su propiedad, por medio de un personal altamente cualificado.\u00a0\",\"publisher\":{\"@id\":\"https:\\\/\\\/www.asociacioncamaraurbana.com\\\/#organization\"},\"alternateName\":\"Asociaci\u00f3n de Propietarios y Usuarios de Fincas Urbanas de Bizkaia\",\"potentialAction\":[{\"@type\":\"SearchAction\",\"target\":{\"@type\":\"EntryPoint\",\"urlTemplate\":\"https:\\\/\\\/www.asociacioncamaraurbana.com\\\/?s={search_term_string}\"},\"query-input\":{\"@type\":\"PropertyValueSpecification\",\"valueRequired\":true,\"valueName\":\"search_term_string\"}}],\"inLanguage\":\"eu-ES\"},{\"@type\":\"Organization\",\"@id\":\"https:\\\/\\\/www.asociacioncamaraurbana.com\\\/#organization\",\"name\":\"C\u00e1mara Urbana de Bizkaia\",\"alternateName\":\"Asociaci\u00f3n de Propietarios y Usuarios de Fincas Urbanas de Bizkaia\",\"url\":\"https:\\\/\\\/www.asociacioncamaraurbana.com\\\/\",\"logo\":{\"@type\":\"ImageObject\",\"inLanguage\":\"eu-ES\",\"@id\":\"https:\\\/\\\/www.asociacioncamaraurbana.com\\\/#\\\/schema\\\/logo\\\/image\\\/\",\"url\":\"https:\\\/\\\/www.asociacioncamaraurbana.com\\\/wp-content\\\/uploads\\\/2020\\\/03\\\/logo-camara-urbana-1.png\",\"contentUrl\":\"https:\\\/\\\/www.asociacioncamaraurbana.com\\\/wp-content\\\/uploads\\\/2020\\\/03\\\/logo-camara-urbana-1.png\",\"width\":1000,\"height\":397,\"caption\":\"C\u00e1mara Urbana de Bizkaia\"},\"image\":{\"@id\":\"https:\\\/\\\/www.asociacioncamaraurbana.com\\\/#\\\/schema\\\/logo\\\/image\\\/\"}},{\"@type\":\"Person\",\"@id\":\"https:\\\/\\\/www.asociacioncamaraurbana.com\\\/#\\\/schema\\\/person\\\/b041c8e1a2cf740b9c87070ca78dc7c4\",\"name\":\"komunika\",\"image\":{\"@type\":\"ImageObject\",\"inLanguage\":\"eu-ES\",\"@id\":\"https:\\\/\\\/secure.gravatar.com\\\/avatar\\\/e205c2ac1f043c1d855d1187694283dccbf0b53d8b52d27532bd998e5481d2ec?s=96&d=mm&r=g\",\"url\":\"https:\\\/\\\/secure.gravatar.com\\\/avatar\\\/e205c2ac1f043c1d855d1187694283dccbf0b53d8b52d27532bd998e5481d2ec?s=96&d=mm&r=g\",\"contentUrl\":\"https:\\\/\\\/secure.gravatar.com\\\/avatar\\\/e205c2ac1f043c1d855d1187694283dccbf0b53d8b52d27532bd998e5481d2ec?s=96&d=mm&r=g\",\"caption\":\"komunika\"},\"url\":\"https:\\\/\\\/www.asociacioncamaraurbana.com\\\/eu\\\/author\\\/komunika\\\/\"}]}<\/script>\n<!-- \/ Yoast SEO plugin. -->","yoast_head_json":{"title":"Instrucciones t\u00e9cnicas a los Ayuntamientos sobre la gesti\u00f3n del Padr\u00f3n municipal - C\u00e1mara Urbana de Bizkaia","robots":{"index":"index","follow":"follow","max-snippet":"max-snippet:-1","max-image-preview":"max-image-preview:large","max-video-preview":"max-video-preview:-1"},"canonical":"https:\/\/www.asociacioncamaraurbana.com\/eu\/ministerio-de-la-presidencia-relaciones-con-las-cortes-y-memoria-democratica\/","og_locale":"eu_ES","og_type":"article","og_title":"Instrucciones t\u00e9cnicas a los Ayuntamientos sobre la gesti\u00f3n del Padr\u00f3n municipal - C\u00e1mara Urbana de Bizkaia","og_url":"https:\/\/www.asociacioncamaraurbana.com\/eu\/ministerio-de-la-presidencia-relaciones-con-las-cortes-y-memoria-democratica\/","og_site_name":"C\u00e1mara Urbana de Bizkaia","article_published_time":"2020-05-08T15:26:48+00:00","article_modified_time":"2022-12-09T08:34:40+00:00","og_image":[{"width":1000,"height":681,"url":"https:\/\/www.asociacioncamaraurbana.com\/wp-content\/uploads\/2020\/04\/template-img.jpg","type":"image\/jpeg"}],"author":"komunika","twitter_card":"summary_large_image","twitter_misc":{"Written by":"komunika","Est. reading time":"10 minutes"},"schema":{"@context":"https:\/\/schema.org","@graph":[{"@type":"Article","@id":"https:\/\/www.asociacioncamaraurbana.com\/eu\/ministerio-de-la-presidencia-relaciones-con-las-cortes-y-memoria-democratica\/#article","isPartOf":{"@id":"https:\/\/www.asociacioncamaraurbana.com\/eu\/ministerio-de-la-presidencia-relaciones-con-las-cortes-y-memoria-democratica\/"},"author":{"name":"komunika","@id":"https:\/\/www.asociacioncamaraurbana.com\/#\/schema\/person\/b041c8e1a2cf740b9c87070ca78dc7c4"},"headline":"Instrucciones t\u00e9cnicas a los Ayuntamientos sobre la gesti\u00f3n del Padr\u00f3n municipal","datePublished":"2020-05-08T15:26:48+00:00","dateModified":"2022-12-09T08:34:40+00:00","mainEntityOfPage":{"@id":"https:\/\/www.asociacioncamaraurbana.com\/eu\/ministerio-de-la-presidencia-relaciones-con-las-cortes-y-memoria-democratica\/"},"wordCount":2082,"publisher":{"@id":"https:\/\/www.asociacioncamaraurbana.com\/#organization"},"image":{"@id":"https:\/\/www.asociacioncamaraurbana.com\/eu\/ministerio-de-la-presidencia-relaciones-con-las-cortes-y-memoria-democratica\/#primaryimage"},"thumbnailUrl":"https:\/\/www.asociacioncamaraurbana.com\/wp-content\/uploads\/2020\/04\/template-img.jpg","articleSection":["Araudi orokorrak eta gaur egungoak"],"inLanguage":"eu-ES"},{"@type":"WebPage","@id":"https:\/\/www.asociacioncamaraurbana.com\/eu\/ministerio-de-la-presidencia-relaciones-con-las-cortes-y-memoria-democratica\/","url":"https:\/\/www.asociacioncamaraurbana.com\/eu\/ministerio-de-la-presidencia-relaciones-con-las-cortes-y-memoria-democratica\/","name":"Instrucciones t\u00e9cnicas a los Ayuntamientos sobre la gesti\u00f3n del Padr\u00f3n municipal - C\u00e1mara Urbana de Bizkaia","isPartOf":{"@id":"https:\/\/www.asociacioncamaraurbana.com\/#website"},"primaryImageOfPage":{"@id":"https:\/\/www.asociacioncamaraurbana.com\/eu\/ministerio-de-la-presidencia-relaciones-con-las-cortes-y-memoria-democratica\/#primaryimage"},"image":{"@id":"https:\/\/www.asociacioncamaraurbana.com\/eu\/ministerio-de-la-presidencia-relaciones-con-las-cortes-y-memoria-democratica\/#primaryimage"},"thumbnailUrl":"https:\/\/www.asociacioncamaraurbana.com\/wp-content\/uploads\/2020\/04\/template-img.jpg","datePublished":"2020-05-08T15:26:48+00:00","dateModified":"2022-12-09T08:34:40+00:00","breadcrumb":{"@id":"https:\/\/www.asociacioncamaraurbana.com\/eu\/ministerio-de-la-presidencia-relaciones-con-las-cortes-y-memoria-democratica\/#breadcrumb"},"inLanguage":"eu-ES","potentialAction":[{"@type":"ReadAction","target":["https:\/\/www.asociacioncamaraurbana.com\/eu\/ministerio-de-la-presidencia-relaciones-con-las-cortes-y-memoria-democratica\/"]}]},{"@type":"ImageObject","inLanguage":"eu-ES","@id":"https:\/\/www.asociacioncamaraurbana.com\/eu\/ministerio-de-la-presidencia-relaciones-con-las-cortes-y-memoria-democratica\/#primaryimage","url":"https:\/\/www.asociacioncamaraurbana.com\/wp-content\/uploads\/2020\/04\/template-img.jpg","contentUrl":"https:\/\/www.asociacioncamaraurbana.com\/wp-content\/uploads\/2020\/04\/template-img.jpg","width":1000,"height":681},{"@type":"BreadcrumbList","@id":"https:\/\/www.asociacioncamaraurbana.com\/eu\/ministerio-de-la-presidencia-relaciones-con-las-cortes-y-memoria-democratica\/#breadcrumb","itemListElement":[{"@type":"ListItem","position":1,"name":"Portada","item":"https:\/\/www.asociacioncamaraurbana.com\/eu\/inicio\/"},{"@type":"ListItem","position":2,"name":"Instrucciones t\u00e9cnicas a los Ayuntamientos sobre la gesti\u00f3n del Padr\u00f3n municipal"}]},{"@type":"WebSite","@id":"https:\/\/www.asociacioncamaraurbana.com\/#website","url":"https:\/\/www.asociacioncamaraurbana.com\/","name":"C\u00e1mara Urbana de Bizkaia","description":"Al servicio de todos los propietarios para resolver las cuestiones legales y t\u00e9cnicas que afectan a su propiedad, por medio de un personal altamente cualificado.\u00a0","publisher":{"@id":"https:\/\/www.asociacioncamaraurbana.com\/#organization"},"alternateName":"Asociaci\u00f3n de Propietarios y Usuarios de Fincas Urbanas de Bizkaia","potentialAction":[{"@type":"SearchAction","target":{"@type":"EntryPoint","urlTemplate":"https:\/\/www.asociacioncamaraurbana.com\/?s={search_term_string}"},"query-input":{"@type":"PropertyValueSpecification","valueRequired":true,"valueName":"search_term_string"}}],"inLanguage":"eu-ES"},{"@type":"Organization","@id":"https:\/\/www.asociacioncamaraurbana.com\/#organization","name":"C\u00e1mara Urbana de Bizkaia","alternateName":"Asociaci\u00f3n de Propietarios y Usuarios de Fincas Urbanas de Bizkaia","url":"https:\/\/www.asociacioncamaraurbana.com\/","logo":{"@type":"ImageObject","inLanguage":"eu-ES","@id":"https:\/\/www.asociacioncamaraurbana.com\/#\/schema\/logo\/image\/","url":"https:\/\/www.asociacioncamaraurbana.com\/wp-content\/uploads\/2020\/03\/logo-camara-urbana-1.png","contentUrl":"https:\/\/www.asociacioncamaraurbana.com\/wp-content\/uploads\/2020\/03\/logo-camara-urbana-1.png","width":1000,"height":397,"caption":"C\u00e1mara Urbana de Bizkaia"},"image":{"@id":"https:\/\/www.asociacioncamaraurbana.com\/#\/schema\/logo\/image\/"}},{"@type":"Person","@id":"https:\/\/www.asociacioncamaraurbana.com\/#\/schema\/person\/b041c8e1a2cf740b9c87070ca78dc7c4","name":"komunika","image":{"@type":"ImageObject","inLanguage":"eu-ES","@id":"https:\/\/secure.gravatar.com\/avatar\/e205c2ac1f043c1d855d1187694283dccbf0b53d8b52d27532bd998e5481d2ec?s=96&d=mm&r=g","url":"https:\/\/secure.gravatar.com\/avatar\/e205c2ac1f043c1d855d1187694283dccbf0b53d8b52d27532bd998e5481d2ec?s=96&d=mm&r=g","contentUrl":"https:\/\/secure.gravatar.com\/avatar\/e205c2ac1f043c1d855d1187694283dccbf0b53d8b52d27532bd998e5481d2ec?s=96&d=mm&r=g","caption":"komunika"},"url":"https:\/\/www.asociacioncamaraurbana.com\/eu\/author\/komunika\/"}]}},"_links":{"self":[{"href":"https:\/\/www.asociacioncamaraurbana.com\/eu\/wp-json\/wp\/v2\/posts\/1504","targetHints":{"allow":["GET"]}}],"collection":[{"href":"https:\/\/www.asociacioncamaraurbana.com\/eu\/wp-json\/wp\/v2\/posts"}],"about":[{"href":"https:\/\/www.asociacioncamaraurbana.com\/eu\/wp-json\/wp\/v2\/types\/post"}],"author":[{"embeddable":true,"href":"https:\/\/www.asociacioncamaraurbana.com\/eu\/wp-json\/wp\/v2\/users\/1"}],"replies":[{"embeddable":true,"href":"https:\/\/www.asociacioncamaraurbana.com\/eu\/wp-json\/wp\/v2\/comments?post=1504"}],"version-history":[{"count":6,"href":"https:\/\/www.asociacioncamaraurbana.com\/eu\/wp-json\/wp\/v2\/posts\/1504\/revisions"}],"predecessor-version":[{"id":1953,"href":"https:\/\/www.asociacioncamaraurbana.com\/eu\/wp-json\/wp\/v2\/posts\/1504\/revisions\/1953"}],"wp:featuredmedia":[{"embeddable":true,"href":"https:\/\/www.asociacioncamaraurbana.com\/eu\/wp-json\/wp\/v2\/media\/806"}],"wp:attachment":[{"href":"https:\/\/www.asociacioncamaraurbana.com\/eu\/wp-json\/wp\/v2\/media?parent=1504"}],"wp:term":[{"taxonomy":"category","embeddable":true,"href":"https:\/\/www.asociacioncamaraurbana.com\/eu\/wp-json\/wp\/v2\/categories?post=1504"},{"taxonomy":"post_tag","embeddable":true,"href":"https:\/\/www.asociacioncamaraurbana.com\/eu\/wp-json\/wp\/v2\/tags?post=1504"}],"curies":[{"name":"wp","href":"https:\/\/api.w.org\/{rel}","templated":true}]}}