{"id":1869,"date":"2022-03-31T12:00:54","date_gmt":"2022-03-31T12:00:54","guid":{"rendered":"https:\/\/www.asociacioncamaraurbana.com\/real-decreto-ley-6-2022-de-29-de-marzo-por-el-que-se-adoptan-medidas-urgentes-a-las-consecuencias-economicas-y-sociales-de-la-guerra-en-ucrania\/"},"modified":"2022-03-31T12:14:14","modified_gmt":"2022-03-31T12:14:14","slug":"real-decreto-ley-6-2022-de-29-de-marzo-por-el-que-se-adoptan-medidas-urgentes-a-las-consecuencias-economicas-y-sociales-de-la-guerra-en-ucrania","status":"publish","type":"post","link":"https:\/\/www.asociacioncamaraurbana.com\/eu\/real-decreto-ley-6-2022-de-29-de-marzo-por-el-que-se-adoptan-medidas-urgentes-a-las-consecuencias-economicas-y-sociales-de-la-guerra-en-ucrania\/","title":{"rendered":"Real Decreto-ley 6\/2022, de 29 de marzo, por el que se adoptan medidas urgentes a las consecuencias de la guerra en Ucrania"},"content":{"rendered":"<div class=\"wpb-content-wrapper\"><p>[vc_row full_width=&#8221;stretch_row&#8221; css=&#8221;.vc_custom_1586370143677{margin-top: 0px !important;margin-bottom: 0px !important;border-top-width: 1px !important;border-bottom-width: 0px !important;padding-top: 0px !important;padding-right: 20px !important;padding-bottom: 0px !important;background-color: #cd1719 !important;border-top-color: #cd1719 !important;border-top-style: solid !important;border-bottom-color: #cd1719 !important;border-bottom-style: solid !important;}&#8221;][vc_column width=&#8221;1\/3&#8243; css=&#8221;.vc_custom_1586158078900{margin-top: 0px !important;margin-bottom: 0px !important;border-top-width: 0px !important;border-bottom-width: 0px !important;padding-top: 0px !important;padding-bottom: 0px !important;}&#8221;][\/vc_column][vc_column width=&#8221;2\/3&#8243; css=&#8221;.vc_custom_1583396683265{margin-top: 0px !important;margin-right: 0px !important;margin-bottom: 0px !important;margin-left: 0px !important;border-top-width: 0px !important;border-bottom-width: 0px !important;padding-top: 0px !important;padding-right: 0px !important;padding-bottom: 0px !important;padding-left: 0px !important;}&#8221; el_id=&#8221;container&#8221;][\/vc_column][\/vc_row][vc_row full_width=&#8221;stretch_row&#8221; content_placement=&#8221;middle&#8221; parallax=&#8221;content-moving&#8221; parallax_image=&#8221;805&#8243; css=&#8221;.vc_custom_1585914071905{margin-top: 0px !important;margin-right: 10% !important;margin-bottom: 0px !important;margin-left: 10% !important;border-top-width: 0px !important;border-bottom-width: 0px !important;padding-top: 0px !important;padding-bottom: 0px !important;}&#8221; el_class=&#8221;escalagrises&#8221; el_id=&#8221;cabecera&#8221;][vc_column css=&#8221;.vc_custom_1583751515864{margin-top: 0px !important;margin-bottom: 0px !important;border-top-width: 0px !important;border-bottom-width: 0px !important;padding-top: 0px !important;padding-bottom: 0px !important;}&#8221;][vc_custom_heading text=&#8221;Araudi orokorrak eta gaur egungoak&#8221; font_container=&#8221;tag:h1|font_size:70|text_align:center|color:%23ffffff|line_height:1.2&#8243; google_fonts=&#8221;font_family:Roboto%3A100%2C100italic%2C300%2C300italic%2Cregular%2Citalic%2C500%2C500italic%2C700%2C700italic%2C900%2C900italic|font_style:400%20regular%3A400%3Anormal&#8221; el_class=&#8221;sombracabecera&#8221;][\/vc_column][\/vc_row][vc_row full_width=&#8221;stretch_row&#8221; css=&#8221;.vc_custom_1586882857911{margin-right: 10% !important;margin-bottom: 0px !important;margin-left: 10% !important;border-bottom-width: 0px !important;padding-bottom: 0px !important;}&#8221; el_id=&#8221;informes&#8221;][vc_column css=&#8221;.vc_custom_1583426287030{margin-left: 0px !important;border-left-width: 0px !important;padding-left: 0px !important;}&#8221;][vc_custom_heading source=&#8221;post_title&#8221; font_container=&#8221;tag:h2|font_size:45|text_align:left|color:%23333333|line_height:1.3&#8243; google_fonts=&#8221;font_family:Roboto%3A100%2C100italic%2C300%2C300italic%2Cregular%2Citalic%2C500%2C500italic%2C700%2C700italic%2C900%2C900italic|font_style:400%20regular%3A400%3Anormal&#8221; css=&#8221;.vc_custom_1586882506714{border-left-width: 2px !important;padding-bottom: 12px !important;padding-left: 12px !important;border-left-color: #cd1719 !important;border-left-style: solid !important;}&#8221; el_class=&#8221;titulonoticias&#8221;][vc_custom_heading text=&#8221;Medidas urgentes en el marco del Plan Nacional de respuesta a las consecuencias econ\u00f3micas y sociales de la guerra en Ucrania.&#8221; font_container=&#8221;tag:h3|font_size:25|text_align:left|color:%23333333|line_height:1.2&#8243; google_fonts=&#8221;font_family:Roboto%3A100%2C100italic%2C300%2C300italic%2Cregular%2Citalic%2C500%2C500italic%2C700%2C700italic%2C900%2C900italic|font_style:400%20regular%3A400%3Anormal&#8221;]<div class='gambit_row_scroll' data-row-entrance='content-fly-right' data-row-exit='none' data-entrance-do-children='true' data--5p-center-top-entrance=\"transform: translateX(0vw);opacity: 1;\" data-bottom-top-entrance=\"transform: translateX(-100vw);opacity: 0;\" ><\/div>[\/vc_column][\/vc_row][vc_row full_width=&#8221;stretch_row&#8221; content_placement=&#8221;middle&#8221; css=&#8221;.vc_custom_1585915014113{margin-top: 0px !important;margin-right: 10% !important;margin-left: 10% !important;border-top-width: 0px !important;padding-top: 0px !important;}&#8221; el_id=&#8221;oculto&#8221;][vc_column css=&#8221;.vc_custom_1583426287030{margin-left: 0px !important;border-left-width: 0px !important;padding-left: 0px !important;}&#8221;][vc_row_inner][vc_column_inner][vc_single_image source=&#8221;featured_image&#8221; img_size=&#8221;full&#8221; alignment=&#8221;center&#8221; onclick=&#8221;link_image&#8221; el_id=&#8221;maxalto&#8221;][\/vc_column_inner][\/vc_row_inner][vc_acf field_group=&#8221;310&#8243; field_from_310=&#8221;field_5e69066f638c1&#8243; align=&#8221;justify&#8221;]<div class='gambit_row_scroll' data-row-entrance='fly-right' data-row-exit='none' data--5p-center-top-entrance=\"transform: translateX(0vw);\" data-bottom-top-entrance=\"transform: translateX(-100vw);\" ><\/div>[\/vc_column][\/vc_row][vc_row full_width=&#8221;stretch_row&#8221; equal_height=&#8221;yes&#8221; css=&#8221;.vc_custom_1585915082527{margin-right: 10% !important;margin-bottom: 40px !important;margin-left: 10% !important;}&#8221; el_id=&#8221;informes2&#8243;][vc_column css=&#8221;.vc_custom_1583770946806{margin-top: 0px !important;margin-right: 0px !important;margin-bottom: 0px !important;margin-left: 0px !important;border-top-width: 0px !important;border-right-width: 0px !important;border-bottom-width: 0px !important;border-left-width: 0px !important;padding-top: 0px !important;padding-right: 0px !important;padding-bottom: 0px !important;padding-left: 0px !important;}&#8221;][vc_column_text css=&#8221;.vc_custom_1648727997236{margin-top: 0px !important;margin-right: 0px !important;margin-bottom: 0px !important;margin-left: 0px !important;border-top-width: 0px !important;border-right-width: 0px !important;border-bottom-width: 0px !important;border-left-width: 0px !important;padding-top: 0px !important;padding-right: 12px !important;padding-bottom: 0px !important;padding-left: 0px !important;}&#8221;]La invasi\u00f3n de Ucrania por parte de Rusia est\u00e1 generando importantes consecuencias en todos los \u00f3rdenes. Por un lado, desde el punto de vista humanitario, ha dado lugar al desplazamiento de millones de refugiados, que siguen llegando a la Uni\u00f3n Europea. Asimismo, el inicio de la guerra impide el regreso a Ucrania de muchos ucranianos que se encuentran en situaci\u00f3n de estancia en nuestro pa\u00eds (actualmente en torno a 114.000).<\/p>\n<p>Por otro, ha agravado el choque de oferta que viene sufriendo la econom\u00eda europea desde el verano de 2021 a causa de la escalada del precio del gas natural y ha a\u00f1adido adem\u00e1s una elevada incertidumbre respecto a su duraci\u00f3n e intensidad. El precio del gas natural, que, dado el dise\u00f1o del mercado el\u00e9ctrico europeo determina en gran medida el precio de la electricidad, se ha multiplicado por cinco en un a\u00f1o, subiendo un 25 % desde el inicio de la invasi\u00f3n. El petr\u00f3leo casi ha doblado su precio durante el \u00faltimo a\u00f1o, subiendo un 20% desde finales de febrero de 2022, mientras el precio del trigo ha aumentado el 30 % en el mismo periodo. Se ha producido as\u00ed un aumento abrupto y generalizado de costes de las materias primas y los bienes intermedios, a\u00f1adido al que ya se ven\u00eda produciendo como consecuencia de los cuellos de botella en las cadenas de producci\u00f3n debidos a las fricciones generadas por la r\u00e1pida recuperaci\u00f3n econ\u00f3mica tras la pandemia. Las consecuencias econ\u00f3micas de esta evoluci\u00f3n son un aumento de la tasa de inflaci\u00f3n y una ralentizaci\u00f3n del ritmo de crecimiento.[\/vc_column_text]<div class='gambit_row_scroll' data-row-entrance='content-fly-left' data-row-exit='none' data-entrance-do-children='true' data--5p-center-top-entrance=\"transform: translateX(0vw);opacity: 1;\" data-bottom-top-entrance=\"transform: translateX(100vw);opacity: 0;\" ><\/div>[\/vc_column][\/vc_row][vc_row full_width=&#8221;stretch_row&#8221; el_id=&#8221;degraenlaces1&#8243; css=&#8221;.vc_custom_1585834120517{margin-top: 0px !important;margin-bottom: 0px !important;border-top-width: 0px !important;border-bottom-width: 0px !important;padding-top: 0px !important;padding-bottom: 0px !important;background-color: #dfdfdf !important;}&#8221;][vc_column css=&#8221;.vc_custom_1583748875692{margin-top: 0px !important;margin-bottom: 0px !important;border-top-width: 0px !important;border-bottom-width: 0px !important;padding-top: 0px !important;padding-bottom: 0px !important;}&#8221;][\/vc_column][\/vc_row][vc_row full_width=&#8221;stretch_row&#8221; css=&#8221;.vc_custom_1585834136751{margin-top: -2px !important;margin-right: 10% !important;margin-bottom: 0px !important;margin-left: 10% !important;border-top-width: 0px !important;border-bottom-width: 0px !important;padding-top: 0px !important;padding-bottom: 0px !important;background-color: #dfdfdf !important;}&#8221;][vc_column css=&#8221;.vc_custom_1585833995644{margin-top: 0px !important;margin-bottom: 0px !important;border-top-width: 0px !important;border-bottom-width: 0px !important;padding-top: 0px !important;padding-bottom: 0px !important;}&#8221;][vc_custom_heading text=&#8221;Dokumentu eta loturak&#8221; font_container=&#8221;tag:h3|font_size:25|text_align:left|color:%23333333|line_height:1.3&#8243; google_fonts=&#8221;font_family:Roboto%3A100%2C100italic%2C300%2C300italic%2Cregular%2Citalic%2C500%2C500italic%2C700%2C700italic%2C900%2C900italic|font_style:400%20regular%3A400%3Anormal&#8221; css=&#8221;.vc_custom_1648728230913{border-left-width: 2px !important;padding-bottom: 12px !important;padding-left: 12px !important;border-left-color: #cd1719 !important;border-left-style: solid !important;}&#8221;]<div class='gambit_row_scroll' data-row-entrance='content-fly-right' data-row-exit='none' data-entrance-do-children='true' data--5p-center-top-entrance=\"transform: translateX(0vw);opacity: 1;\" data-bottom-top-entrance=\"transform: translateX(-100vw);opacity: 0;\" ><\/div>[\/vc_column][\/vc_row][vc_row full_width=&#8221;stretch_row&#8221; css=&#8221;.vc_custom_1585834153659{margin-top: 0px !important;margin-right: 10% !important;margin-bottom: 0px !important;margin-left: 10% !important;border-top-width: 0px !important;border-bottom-width: 0px !important;padding-top: 0px !important;padding-bottom: 0px !important;background-color: #dfdfdf !important;}&#8221; el_id=&#8221;linknormal&#8221;][vc_column css=&#8221;.vc_custom_1585833875884{margin-top: 0px !important;border-top-width: 0px !important;padding-top: 0px !important;}&#8221;]<div class=\"uavc-list-icon uavc-list-icon-wrapper ult-adjust-bottom-margin   vc_custom_1583939005582  vc_custom_1583939005582\"><ul class=\"uavc-list\"><\/ul><\/div><div class=\"uavc-list-icon uavc-list-icon-wrapper ult-adjust-bottom-margin   vc_custom_1583939016731  vc_custom_1583939016731\"><ul class=\"uavc-list\"><li><div class=\"uavc-list-content\" id=\"list-icon-wrap-6366\">\n<div class=\"uavc-list-icon  \" data-animation=\"\" data-animation-delay=\"03\" style=\"margin-right:5px;\"><div class=\"ult-just-icon-wrapper  \"><div class=\"align-icon\" style=\"text-align:center;\">\n<div class=\"aio-icon none \"  style=\"color:#cd1719;font-size:18px;display:inline-block;\">\n\t<i class=\"Defaults-download\"><\/i>\n<\/div><\/div><\/div>\n<\/div><span  data-ultimate-target='#list-icon-wrap-6366 .uavc-list-desc'  data-responsive-json-new='{\"font-size\":\"\",\"line-height\":\"\"}'  class=\"uavc-list-desc ult-responsive\" style=\"\"><a href=\"https:\/\/www.asociacioncamaraurbana.com\/wp-content\/uploads\/2022\/03\/BOE-A-2022-4972.pdf\" target=\"_blank\" rel=\"noopener noreferrer\">Real Decreto-ley 6\/2022, de 29 de marzo, por el que se adoptan medidas urgentes a las consecuencias econ\u00f3micas y sociales de la guerra en Ucrania.<\/a><\/span><\/div><\/li><li><div class=\"uavc-list-content\" id=\"list-icon-wrap-6814\">\n<div class=\"uavc-list-icon  \" data-animation=\"\" data-animation-delay=\"03\" style=\"margin-right:5px;\"><div class=\"ult-just-icon-wrapper  \"><div class=\"align-icon\" style=\"text-align:center;\">\n<div class=\"aio-icon none \"  style=\"color:#cd1719;font-size:18px;display:inline-block;\">\n\t<i class=\"Defaults-download\"><\/i>\n<\/div><\/div><\/div>\n<\/div><span  data-ultimate-target='#list-icon-wrap-6814 .uavc-list-desc'  data-responsive-json-new='{\"font-size\":\"\",\"line-height\":\"\"}'  class=\"uavc-list-desc ult-responsive\" style=\"\"><a href=\"https:\/\/www.asociacioncamaraurbana.com\/wp-content\/uploads\/2022\/03\/RDL_62022.pdf\" target=\"_blank\" rel=\"noopener noreferrer\">Consecuencias econ\u00f3micas y sociales de la guerra de Ucrania. Medidas urgentes para proteger a los sectores y ciudadanos m\u00e1s afectados.<\/a><\/span><\/div><\/li><\/ul><\/div><div class='gambit_row_scroll' data-row-entrance='content-fly-left' data-row-exit='none' data-entrance-do-children='true' data--5p-center-top-entrance=\"transform: translateX(0vw);opacity: 1;\" data-bottom-top-entrance=\"transform: translateX(100vw);opacity: 0;\" ><\/div><div class=\"ult-spacer spacer-69edcb2d9aef4\" data-id=\"69edcb2d9aef4\" data-height=\"30\" data-height-mobile=\"10\" data-height-tab=\"30\" data-height-tab-portrait=\"30\" data-height-mobile-landscape=\"10\" style=\"clear:both;display:block;\"><\/div>[\/vc_column][\/vc_row][vc_row full_width=&#8221;stretch_row&#8221; el_id=&#8221;degraenlaces2&#8243; css=&#8221;.vc_custom_1585834242939{margin-top: -2px !important;margin-bottom: 50px !important;border-top-width: 0px !important;border-bottom-width: 0px !important;padding-top: 0px !important;padding-bottom: 0px !important;background-color: #dfdfdf !important;}&#8221;][vc_column css=&#8221;.vc_custom_1583748875692{margin-top: 0px !important;margin-bottom: 0px !important;border-top-width: 0px !important;border-bottom-width: 0px !important;padding-top: 0px !important;padding-bottom: 0px !important;}&#8221;][\/vc_column][\/vc_row][vc_row gap=&#8221;20&#8243; el_id=&#8221;destacadoarriba&#8221; css=&#8221;.vc_custom_1583748598858{margin-right: 10px !important;margin-bottom: 0px !important;margin-left: 10px !important;border-bottom-width: 0px !important;padding-bottom: 0px !important;}&#8221;][vc_column width=&#8221;1\/4&#8243; offset=&#8221;vc_hidden-lg vc_hidden-md vc_hidden-sm vc_hidden-xs&#8221;][vc_row_inner el_id=&#8221;sombra&#8221;][vc_column_inner el_id=&#8221;destacado4&#8243;][vc_custom_heading text=&#8221;Toda la<br \/>\nActualidad&#8221; font_container=&#8221;tag:h3|font_size:20|text_align:left|color:%23ffffff|line_height:1.2&#8243; google_fonts=&#8221;font_family:Roboto%3A100%2C100italic%2C300%2C300italic%2Cregular%2Citalic%2C500%2C500italic%2C700%2C700italic%2C900%2C900italic|font_style:400%20regular%3A400%3Anormal&#8221; css=&#8221;.vc_custom_1583855832228{margin-top: 40px !important;margin-right: 20px !important;margin-left: 20px !important;border-left-width: 1px !important;padding-right: 12px !important;padding-bottom: 4px !important;padding-left: 12px !important;border-left-color: #ffffff !important;border-left-style: solid !important;}&#8221;]<div class=\" ubtn-ctn-center \"><a class=\"ubtn-link ult-adjust-bottom-margin ubtn-center ubtn-small \" href=\"http:\/\/www.asociacioncamaraurbana.com\/actualidad\/\" title=\"Actualidad\" ><button type=\"button\" id=\"ubtn-6981\"  class=\"ubtn ult-adjust-bottom-margin ult-responsive ubtn-small ubtn-fade-bg  none  ubtn-center   tooltip-69edcb2d9af32\"  data-hover=\"#333333\" data-border-color=\"#ffffff\" data-bg=\"rgba(224,224,224,0.01)\" data-hover-bg=\"#ffffff\" data-border-hover=\"#ffffff\" data-shadow-hover=\"\" data-shadow-click=\"none\" data-shadow=\"\" data-shd-shadow=\"\"  data-ultimate-target='#ubtn-6981'  data-responsive-json-new='{\"font-size\":\"desktop:16px;\",\"line-height\":\"\"}'  style=\"font-weight:normal;border-radius:0px;border-width:1px;border-color:#ffffff;border-style:solid;background: rgba(224,224,224,0.01);color: #ffffff;\"><span class=\"ubtn-hover\" style=\"background-color:#ffffff\"><\/span><span class=\"ubtn-data ubtn-text \" >Ver Noticias<\/span><\/button><\/a><\/div>[\/vc_column_inner][\/vc_row_inner][\/vc_column][vc_column width=&#8221;1\/4&#8243; offset=&#8221;vc_hidden-lg vc_hidden-md vc_hidden-sm vc_hidden-xs&#8221;][vc_row_inner el_id=&#8221;sombra&#8221;][vc_column_inner el_id=&#8221;destacado2&#8243;][vc_custom_heading text=&#8221;Normativas Generales<br \/>\ny de Actualidad&#8221; font_container=&#8221;tag:h3|font_size:20|text_align:left|color:%23ffffff|line_height:1.2&#8243; google_fonts=&#8221;font_family:Roboto%3A100%2C100italic%2C300%2C300italic%2Cregular%2Citalic%2C500%2C500italic%2C700%2C700italic%2C900%2C900italic|font_style:400%20regular%3A400%3Anormal&#8221; css=&#8221;.vc_custom_1584099400250{margin-top: 40px !important;margin-right: 20px !important;margin-left: 20px !important;border-left-width: 1px !important;padding-right: 12px !important;padding-bottom: 4px !important;padding-left: 12px !important;border-left-color: #ffffff !important;border-left-style: solid !important;}&#8221;]<div class=\" ubtn-ctn-center \"><a class=\"ubtn-link ult-adjust-bottom-margin ubtn-center ubtn-small \" href=\"http:\/\/www.asociacioncamaraurbana.com\/actualidad\/normativas-de-actualidad\/\" title=\"Normativas de Actualidad\" ><button type=\"button\" id=\"ubtn-8126\"  class=\"ubtn ult-adjust-bottom-margin ult-responsive ubtn-small ubtn-fade-bg  none  ubtn-center   tooltip-69edcb2d9afa5\"  data-hover=\"#cd1719\" data-border-color=\"#ffffff\" data-bg=\"rgba(224,224,224,0.01)\" data-hover-bg=\"#ffffff\" data-border-hover=\"#ffffff\" data-shadow-hover=\"\" data-shadow-click=\"none\" data-shadow=\"\" data-shd-shadow=\"\"  data-ultimate-target='#ubtn-8126'  data-responsive-json-new='{\"font-size\":\"desktop:16px;\",\"line-height\":\"\"}'  style=\"font-weight:normal;border-radius:0px;border-width:1px;border-color:#ffffff;border-style:solid;background: rgba(224,224,224,0.01);color: #ffffff;\"><span class=\"ubtn-hover\" style=\"background-color:#ffffff\"><\/span><span class=\"ubtn-data ubtn-text \" >Ver Noticias<\/span><\/button><\/a><\/div>[\/vc_column_inner][\/vc_row_inner]<div class='gambit_row_scroll' data-row-entrance='fly-right' data-row-exit='fly-right' data-top-bottom-exit=\"transform: translateX(100vw);opacity: 0;\" data--5p-center-bottom-exit=\"transform: translateX(0vw);opacity: 1;\" data--5p-center-top-entrance=\"transform: translateX(0vw);opacity: 1;\" data-bottom-top-entrance=\"transform: translateX(-100vw);opacity: 1;\" ><\/div>[\/vc_column][vc_column width=&#8221;1\/4&#8243; offset=&#8221;vc_hidden-lg vc_hidden-md vc_hidden-sm vc_hidden-xs&#8221;][vc_row_inner el_id=&#8221;sombra&#8221;][vc_column_inner el_id=&#8221;destacado1&#8243;][vc_custom_heading text=&#8221;La Asociaci\u00f3n<br \/>\nen Medios&#8221; font_container=&#8221;tag:h3|font_size:20|text_align:left|color:%23ffffff|line_height:1.2&#8243; google_fonts=&#8221;font_family:Roboto%3A100%2C100italic%2C300%2C300italic%2Cregular%2Citalic%2C500%2C500italic%2C700%2C700italic%2C900%2C900italic|font_style:400%20regular%3A400%3Anormal&#8221; css=&#8221;.vc_custom_1583855907505{margin-top: 40px !important;margin-right: 20px !important;margin-left: 20px !important;border-left-width: 1px !important;padding-right: 12px !important;padding-bottom: 4px !important;padding-left: 12px !important;border-left-color: #ffffff !important;border-left-style: solid !important;}&#8221;]<div class=\" ubtn-ctn-center \"><a class=\"ubtn-link ult-adjust-bottom-margin ubtn-center ubtn-small \" href=\"http:\/\/www.asociacioncamaraurbana.com\/actualidad\/la-asociacion-en-medios\/\" title=\"La Asociaci\u00f3n en Medios\" ><button type=\"button\" id=\"ubtn-4183\"  class=\"ubtn ult-adjust-bottom-margin ult-responsive ubtn-small ubtn-fade-bg  none  ubtn-center   tooltip-69edcb2d9b083\"  data-hover=\"#575656\" data-border-color=\"#ffffff\" data-bg=\"rgba(224,224,224,0.01)\" data-hover-bg=\"#ffffff\" data-border-hover=\"#ffffff\" data-shadow-hover=\"\" data-shadow-click=\"none\" data-shadow=\"\" data-shd-shadow=\"\"  data-ultimate-target='#ubtn-4183'  data-responsive-json-new='{\"font-size\":\"desktop:16px;\",\"line-height\":\"\"}'  style=\"font-weight:normal;border-radius:0px;border-width:1px;border-color:#ffffff;border-style:solid;background: rgba(224,224,224,0.01);color: #ffffff;\"><span class=\"ubtn-hover\" style=\"background-color:#ffffff\"><\/span><span class=\"ubtn-data ubtn-text \" >Ver Noticias<\/span><\/button><\/a><\/div>[\/vc_column_inner][\/vc_row_inner][\/vc_column][vc_column width=&#8221;1\/4&#8243; offset=&#8221;vc_hidden-lg vc_hidden-md vc_hidden-sm vc_hidden-xs&#8221;][vc_row_inner el_id=&#8221;sombra&#8221;][vc_column_inner el_id=&#8221;destacado3&#8243;][vc_custom_heading text=&#8221;Actualidad<br \/>\nGeneral&#8221; font_container=&#8221;tag:h3|font_size:20|text_align:left|color:%23ffffff|line_height:1.2&#8243; google_fonts=&#8221;font_family:Roboto%3A100%2C100italic%2C300%2C300italic%2Cregular%2Citalic%2C500%2C500italic%2C700%2C700italic%2C900%2C900italic|font_style:400%20regular%3A400%3Anormal&#8221; css=&#8221;.vc_custom_1583855946295{margin-top: 40px !important;margin-right: 20px !important;margin-left: 20px !important;border-left-width: 1px !important;padding-right: 12px !important;padding-bottom: 4px !important;padding-left: 12px !important;border-left-color: #ffffff !important;border-left-style: solid !important;}&#8221;]<div class=\" vc_custom_1583939576146 ubtn-ctn-center \"><a class=\"ubtn-link ult-adjust-bottom-margin ubtn-center ubtn-small \" href=\"http:\/\/www.asociacioncamaraurbana.com\/actualidad\/actualidad-general\/\" title=\"Actualidad General\" ><button type=\"button\" id=\"ubtn-2023\"  class=\"ubtn ult-adjust-bottom-margin ult-responsive ubtn-small ubtn-fade-bg  none  ubtn-center   tooltip-69edcb2d9b0e7\"  data-hover=\"#3b2850\" data-border-color=\"#ffffff\" data-bg=\"rgba(224,224,224,0.01)\" data-hover-bg=\"#ffffff\" data-border-hover=\"#ffffff\" data-shadow-hover=\"\" data-shadow-click=\"none\" data-shadow=\"\" data-shd-shadow=\"\"  data-ultimate-target='#ubtn-2023'  data-responsive-json-new='{\"font-size\":\"desktop:16px;\",\"line-height\":\"\"}'  style=\"font-weight:normal;border-radius:0px;border-width:1px;border-color:#ffffff;border-style:solid;background: rgba(224,224,224,0.01);color: #ffffff;\"><span class=\"ubtn-hover\" style=\"background-color:#ffffff\"><\/span><span class=\"ubtn-data ubtn-text \" >Ver Noticias<\/span><\/button><\/a><\/div>[\/vc_column_inner][\/vc_row_inner][\/vc_column][\/vc_row][vc_row][vc_column]<div class=\"templatera_shortcode\"><style type=\"text\/css\" data-type=\"vc_shortcodes-default-css\">.vc_do_custom_heading{margin-bottom:0.625rem;margin-top:0;}<\/style><style type=\"text\/css\" data-type=\"vc_shortcodes-custom-css\">.vc_custom_1583748598858{margin-right: 10px !important;margin-bottom: 0px !important;margin-left: 10px !important;border-bottom-width: 0px !important;padding-bottom: 0px !important;}.vc_custom_1588088956980{margin-top: 40px !important;margin-right: 20px !important;margin-left: 20px !important;border-left-width: 1px !important;padding-right: 12px !important;padding-bottom: 4px !important;padding-left: 12px !important;border-left-color: #ffffff !important;border-left-style: solid !important;}.vc_custom_1588089045811{margin-top: 40px !important;margin-right: 20px !important;margin-left: 20px !important;border-left-width: 1px !important;padding-right: 12px !important;padding-bottom: 4px !important;padding-left: 12px !important;border-left-color: #ffffff !important;border-left-style: solid !important;}.vc_custom_1588089093434{margin-top: 40px !important;margin-right: 20px !important;margin-left: 20px !important;border-left-width: 1px !important;padding-right: 12px !important;padding-bottom: 4px !important;padding-left: 12px !important;border-left-color: #ffffff !important;border-left-style: solid !important;}.vc_custom_1588089138246{margin-top: 40px !important;margin-right: 20px !important;margin-left: 20px !important;border-left-width: 1px !important;padding-right: 12px !important;padding-bottom: 4px !important;padding-left: 12px !important;border-left-color: #ffffff !important;border-left-style: solid !important;}<\/style><div id=\"destacadoarriba\" class=\"vc_row wpb_row vc_row-fluid vc_custom_1583748598858 vc_row-has-fill vc_column-gap-20\"><div class=\"wpb_column vc_column_container vc_col-sm-3\"><div class=\"vc_column-inner\"><div class=\"wpb_wrapper\"><div id=\"sombra\" class=\"vc_row wpb_row vc_inner vc_row-fluid\"><div class=\"wpb_column vc_column_container vc_col-sm-12\" id=\"destacado4\"><div class=\"vc_column-inner\"><div class=\"wpb_wrapper\"><h3 style=\"font-size: 20px;color: #ffffff;line-height: 1.2;text-align: left;font-family:Roboto;font-weight:400;font-style:normal\" class=\"vc_custom_heading vc_do_custom_heading vc_custom_1588088956980\" >Gaurkotasun<br \/>\r\nOsoa<\/h3><div class=\" ubtn-ctn-center centrar\"><a class=\"ubtn-link ult-adjust-bottom-margin ubtn-center ubtn-small centrar\" href=\"https:\/\/www.asociacioncamaraurbana.com\/eu\/gaurkotasuna\/\" ><button type=\"button\" id=\"ubtn-5310\"  class=\"ubtn ult-adjust-bottom-margin ult-responsive ubtn-small ubtn-fade-bg  none  ubtn-center   tooltip-69edcb2d9c82c\"  data-hover=\"#3b2850\" data-border-color=\"#ffffff\" data-bg=\"rgba(224,224,224,0.01)\" data-hover-bg=\"#ffffff\" data-border-hover=\"#ffffff\" data-shadow-hover=\"\" data-shadow-click=\"none\" data-shadow=\"\" data-shd-shadow=\"\"  data-ultimate-target='#ubtn-5310'  data-responsive-json-new='{\"font-size\":\"desktop:16px;\",\"line-height\":\"\"}'  style=\"font-weight:normal;border-radius:0px;border-width:1px;border-color:#ffffff;border-style:solid;background: rgba(224,224,224,0.01);color: #ffffff;\"><span class=\"ubtn-hover\" style=\"background-color:#ffffff\"><\/span><span class=\"ubtn-data ubtn-text \" >Albisteak ikusi<\/span><\/button><\/a><\/div><\/div><\/div><\/div><\/div><\/div><\/div><\/div><div class=\"wpb_column vc_column_container vc_col-sm-3\"><div class=\"vc_column-inner\"><div class=\"wpb_wrapper\"><div id=\"sombra\" class=\"vc_row wpb_row vc_inner vc_row-fluid\"><div class=\"wpb_column vc_column_container vc_col-sm-12\" id=\"destacado2\"><div class=\"vc_column-inner\"><div class=\"wpb_wrapper\"><h3 style=\"font-size: 20px;color: #ffffff;line-height: 1.2;text-align: left;font-family:Roboto;font-weight:400;font-style:normal\" class=\"vc_custom_heading vc_do_custom_heading vc_custom_1588089045811\" >Araudi Orokorrak<br \/>\r\neta Gaur Egungoak<\/h3><div class=\" ubtn-ctn-center centrar\"><a class=\"ubtn-link ult-adjust-bottom-margin ubtn-center ubtn-small centrar\" href=\"https:\/\/www.asociacioncamaraurbana.com\/eu\/gaurkotasuna\/araudi-orokorrak-eta-gaur-egungoak\/\" ><button type=\"button\" id=\"ubtn-6647\" onclick=\"centrarfondo\" class=\"ubtn ult-adjust-bottom-margin ult-responsive ubtn-small ubtn-no-hover-bg  none  ubtn-center   tooltip-69edcb2d9ce4e\"  data-hover=\"#cd1719\" data-border-color=\"#ffffff\" data-bg=\"rgba(255,255,255,0.01)\" data-hover-bg=\"rgba(255,255,255,0.99)\" data-border-hover=\"#ffffff\" data-shadow-hover=\"\" data-shadow-click=\"none\" data-shadow=\"\" data-shd-shadow=\"\"  data-ultimate-target='#ubtn-6647'  data-responsive-json-new='{\"font-size\":\"desktop:16px;\",\"line-height\":\"\"}'  style=\"font-weight:normal;border-radius:0px;border-width:1px;border-color:#ffffff;border-style:solid;background: rgba(255,255,255,0.01);color: #ffffff;\"><span class=\"ubtn-hover\" style=\"background-color:rgba(255,255,255,0.99)\"><\/span><span class=\"ubtn-data ubtn-text \" >Albisteak ikusi<\/span><\/button><\/a><\/div><\/div><\/div><\/div><\/div><div class='gambit_row_scroll' data-row-entrance='fly-right' data-row-exit='fly-right' data-top-bottom-exit=\"transform: translateX(100vw);opacity: 0;\" data--5p-center-bottom-exit=\"transform: translateX(0vw);opacity: 1;\" data--5p-center-top-entrance=\"transform: translateX(0vw);opacity: 1;\" data-bottom-top-entrance=\"transform: translateX(-100vw);opacity: 1;\" ><\/div><\/div><\/div><\/div><div class=\"wpb_column vc_column_container vc_col-sm-3\"><div class=\"vc_column-inner\"><div class=\"wpb_wrapper\"><div id=\"sombra\" class=\"vc_row wpb_row vc_inner vc_row-fluid\"><div class=\"wpb_column vc_column_container vc_col-sm-12\" id=\"destacado1\"><div class=\"vc_column-inner\"><div class=\"wpb_wrapper\"><h3 style=\"font-size: 20px;color: #ffffff;line-height: 1.2;text-align: left;font-family:Roboto;font-weight:400;font-style:normal\" class=\"vc_custom_heading vc_do_custom_heading vc_custom_1588089093434\" >Elkartea<br \/>\r\nHedabideetan<\/h3><div class=\" ubtn-ctn-center centrar\"><a class=\"ubtn-link ult-adjust-bottom-margin ubtn-center ubtn-small centrar\" href=\"https:\/\/www.asociacioncamaraurbana.com\/eu\/gaurkotasuna\/elkartea-hedabideetan\/\" ><button type=\"button\" id=\"ubtn-9134\"  class=\"ubtn ult-adjust-bottom-margin ult-responsive ubtn-small ubtn-fade-bg  none  ubtn-center   tooltip-69edcb2d9d4d6\"  data-hover=\"#575656\" data-border-color=\"#ffffff\" data-bg=\"rgba(224,224,224,0.01)\" data-hover-bg=\"#ffffff\" data-border-hover=\"#ffffff\" data-shadow-hover=\"\" data-shadow-click=\"none\" data-shadow=\"\" data-shd-shadow=\"\"  data-ultimate-target='#ubtn-9134'  data-responsive-json-new='{\"font-size\":\"desktop:16px;\",\"line-height\":\"\"}'  style=\"font-weight:normal;border-radius:0px;border-width:1px;border-color:#ffffff;border-style:solid;background: rgba(224,224,224,0.01);color: #ffffff;\"><span class=\"ubtn-hover\" style=\"background-color:#ffffff\"><\/span><span class=\"ubtn-data ubtn-text \" >Albisteak ikusi<\/span><\/button><\/a><\/div><\/div><\/div><\/div><\/div><\/div><\/div><\/div><div class=\"wpb_column vc_column_container vc_col-sm-3\"><div class=\"vc_column-inner\"><div class=\"wpb_wrapper\"><div id=\"sombra\" class=\"vc_row wpb_row vc_inner vc_row-fluid\"><div class=\"wpb_column vc_column_container vc_col-sm-12\" id=\"destacado3\"><div class=\"vc_column-inner\"><div class=\"wpb_wrapper\"><h3 style=\"font-size: 20px;color: #ffffff;line-height: 1.2;text-align: left;font-family:Roboto;font-weight:400;font-style:normal\" class=\"vc_custom_heading vc_do_custom_heading vc_custom_1588089138246\" >Gaurkotasun<br \/>\r\nOrokorra<\/h3><div class=\" vc_custom_1588089159906 ubtn-ctn-center centrar\"><a class=\"ubtn-link ult-adjust-bottom-margin ubtn-center ubtn-small centrar\" href=\"https:\/\/www.asociacioncamaraurbana.com\/eu\/gaurkotasuna\/gaurkotasun-orokorra\/\" ><button type=\"button\" id=\"ubtn-7089\"  class=\"ubtn ult-adjust-bottom-margin ult-responsive ubtn-small ubtn-fade-bg  none  ubtn-center   tooltip-69edcb2d9da90\"  data-hover=\"#3b2850\" data-border-color=\"#ffffff\" data-bg=\"rgba(224,224,224,0.01)\" data-hover-bg=\"#ffffff\" data-border-hover=\"#ffffff\" data-shadow-hover=\"\" data-shadow-click=\"none\" data-shadow=\"\" data-shd-shadow=\"\"  data-ultimate-target='#ubtn-7089'  data-responsive-json-new='{\"font-size\":\"desktop:16px;\",\"line-height\":\"\"}'  style=\"font-weight:normal;border-radius:0px;border-width:1px;border-color:#ffffff;border-style:solid;background: rgba(224,224,224,0.01);color: #ffffff;\"><span class=\"ubtn-hover\" style=\"background-color:#ffffff\"><\/span><span class=\"ubtn-data ubtn-text \" >Albisteak ikusi<\/span><\/button><\/a><\/div><\/div><\/div><\/div><\/div><\/div><\/div><\/div><\/div>\r\n<\/div>[\/vc_column][\/vc_row][vc_row full_width=&#8221;stretch_row&#8221; el_id=&#8221;degragris2&#8243; css=&#8221;.vc_custom_1583749735333{margin-top: 0px !important;margin-bottom: 0px !important;border-top-width: 0px !important;border-bottom-width: 0px !important;padding-top: 0px !important;padding-bottom: 0px !important;}&#8221;][vc_column css=&#8221;.vc_custom_1583748875692{margin-top: 0px !important;margin-bottom: 0px !important;border-top-width: 0px !important;border-bottom-width: 0px !important;padding-top: 0px !important;padding-bottom: 0px !important;}&#8221;][\/vc_column][\/vc_row][vc_row full_width=&#8221;stretch_row&#8221; css=&#8221;.vc_custom_1583939934609{margin-top: 0px !important;border-top-width: 0px !important;padding-top: 0px !important;}&#8221;][vc_column css=&#8221;.vc_custom_1583939941783{margin-top: 0px !important;border-top-width: 0px !important;padding-top: 0px !important;}&#8221;]<div class=\"templatera_shortcode\"><style type=\"text\/css\" data-type=\"vc_shortcodes-default-css\">.vc_do_custom_heading{margin-bottom:0.625rem;margin-top:0;}<\/style><style type=\"text\/css\" data-type=\"vc_shortcodes-custom-css\">.vc_custom_1583751222898{margin-top: -3px !important;border-top-width: 0px !important;padding-top: 0px !important;}.vc_custom_1587994015307{margin-top: 0px !important;margin-bottom: 0px !important;border-top-width: 0px !important;border-bottom-width: 0px !important;padding-top: 0px !important;padding-bottom: 0px !important;}.vc_custom_1583483156874{margin-top: 0px !important;border-top-width: 0px !important;padding-top: 0px !important;}.vc_custom_1583483618877{margin-top: 0px !important;border-top-width: 0px !important;padding-top: 50px !important;}.vc_custom_1583483497664{margin-top: 0px !important;border-top-width: 0px !important;padding-top: 0px !important;}.vc_custom_1583483224405{margin-top: 0px !important;border-top-width: 0px !important;padding-top: 0px !important;}.vc_custom_1583492385129{margin-top: 0px !important;border-top-width: 0px !important;padding-top: 0px !important;}.vc_custom_1587563763196{border-left-width: 2px !important;padding-bottom: 8px !important;padding-left: 10px !important;border-left-color: #cd1719 !important;border-left-style: solid !important;}.vc_custom_1587564379132{border-left-width: 2px !important;padding-bottom: 8px !important;padding-left: 10px !important;border-left-color: #cd1719 !important;border-left-style: solid !important;}.vc_custom_1587564428531{border-left-width: 2px !important;padding-bottom: 8px !important;padding-left: 10px !important;border-left-color: #cd1719 !important;border-left-style: solid !important;}.vc_custom_1587994030072{margin-top: 0px !important;margin-bottom: 0px !important;border-top-width: 0px !important;border-bottom-width: 0px !important;padding-top: 0px !important;padding-bottom: 0px !important;background-color: #000000 !important;}.vc_custom_1770021388846{padding-top: 15px !important;padding-bottom: 5px !important;}<\/style><div id=\"degragris3\" data-vc-full-width=\"true\" data-vc-full-width-init=\"false\" class=\"vc_row wpb_row vc_row-fluid vc_custom_1583751222898 vc_row-has-fill\"><div class=\"wpb_column vc_column_container vc_col-sm-12 vc_col-has-fill\"><div class=\"vc_column-inner vc_custom_1583483156874\"><div class=\"wpb_wrapper\"><div class=\"vc_row wpb_row vc_inner vc_row-fluid vc_custom_1583483618877 vc_row-has-fill vc_column-gap-20\"><div class=\"wpb_column vc_column_container vc_col-sm-6 vc_col-has-fill\"><div class=\"vc_column-inner vc_custom_1583483497664\"><div class=\"wpb_wrapper\"><h3 style=\"font-size: 20px;color: #ffffff;line-height: 1.2;text-align: left;font-family:Roboto;font-weight:400;font-style:normal\" class=\"vc_custom_heading vc_do_custom_heading vc_custom_1587563763196\" >Guri Buruz<\/h3>\n\t<div class=\"wpb_text_column wpb_content_element\" >\n\t\t<div class=\"wpb_wrapper\">\n\t\t\t<p class=\"p1\"><span style=\"color: #ffffff;\">Zenbaitetan, etxebizitza edo lokal baten jabe izateak arazoak sortzen ditu: salerosketak, alokairuak, jabeen erkidegoen eskubide eta betebeharrak, konponketak, zergak, hirigintza-araudia... Horrelako arazoak konpontzeko erarik onena aholkularitza zein informazio egiazkoa eta eraginkorra eskuratzea da. <\/span><\/p>\n\n\t\t<\/div>\n\t<\/div>\n<\/div><\/div><\/div><div class=\"wpb_column vc_column_container vc_col-sm-3 vc_col-has-fill\"><div class=\"vc_column-inner vc_custom_1583483224405\"><div class=\"wpb_wrapper\"><h3 style=\"font-size: 20px;color: #ffffff;line-height: 1.2;text-align: left;font-family:Roboto;font-weight:400;font-style:normal\" class=\"vc_custom_heading vc_do_custom_heading vc_custom_1587564379132\" >Non Gaude?<\/h3><div class=\"uavc-list-icon uavc-list-icon-wrapper ult-adjust-bottom-margin   \"><ul class=\"uavc-list\"><li><div class=\"uavc-list-content\" id=\"list-icon-wrap-8841\">\n<div class=\"uavc-list-icon  \" data-animation=\"\" data-animation-delay=\"03\" style=\"margin-right:5px;\"><div class=\"ult-just-icon-wrapper  \"><div class=\"align-icon\" style=\"text-align:center;\">\n<div class=\"aio-icon-img \" style=\"font-size:8px;display:inline-block;\" >\n\t<img decoding=\"async\" class=\"img-icon\" alt=\"null\" src=\"https:\/\/www.asociacioncamaraurbana.com\/wp-content\/uploads\/2020\/03\/barra-roja.png\"\/>\n<\/div><\/div><\/div>\n<\/div><span  data-ultimate-target='#list-icon-wrap-8841 .uavc-list-desc'  data-responsive-json-new='{\"font-size\":\"desktop:14px;\",\"line-height\":\"\"}'  class=\"uavc-list-desc ult-responsive\" style=\"color:#ffffff;\">C\/ Marqu\u00e9s del puerto 4, 1\u00ba Drch<br \/>\r\nBILBAO<\/span><\/div><\/li><li><div class=\"uavc-list-content\" id=\"list-icon-wrap-4601\">\n<div class=\"uavc-list-icon  \" data-animation=\"\" data-animation-delay=\"03\" style=\"margin-right:5px;\"><div class=\"ult-just-icon-wrapper  \"><div class=\"align-icon\" style=\"text-align:center;\">\n<div class=\"aio-icon-img \" style=\"font-size:8px;display:inline-block;\" >\n\t<img decoding=\"async\" class=\"img-icon\" alt=\"null\" src=\"https:\/\/www.asociacioncamaraurbana.com\/wp-content\/uploads\/2020\/03\/barra-roja.png\"\/>\n<\/div><\/div><\/div>\n<\/div><span  data-ultimate-target='#list-icon-wrap-4601 .uavc-list-desc'  data-responsive-json-new='{\"font-size\":\"desktop:14px;\",\"line-height\":\"\"}'  class=\"uavc-list-desc ult-responsive\" style=\"color:#ffffff;\">Telefono-zenbakia: 944 237 198<\/span><\/div><\/li><li><div class=\"uavc-list-content\" id=\"list-icon-wrap-1655\">\n<div class=\"uavc-list-icon  \" data-animation=\"\" data-animation-delay=\"03\" style=\"margin-right:5px;\"><div class=\"ult-just-icon-wrapper  \"><div class=\"align-icon\" style=\"text-align:center;\">\n<div class=\"aio-icon-img \" style=\"font-size:8px;display:inline-block;\" >\n\t<img decoding=\"async\" class=\"img-icon\" alt=\"null\" src=\"https:\/\/www.asociacioncamaraurbana.com\/wp-content\/uploads\/2020\/03\/barra-roja.png\"\/>\n<\/div><\/div><\/div>\n<\/div><span  data-ultimate-target='#list-icon-wrap-1655 .uavc-list-desc'  data-responsive-json-new='{\"font-size\":\"desktop:14px;\",\"line-height\":\"\"}'  class=\"uavc-list-desc ult-responsive\" style=\"color:#ffffff;\">Fax-zenbakia: 944 249 818<\/span><\/div><\/li><\/ul><\/div><\/div><\/div><\/div><div class=\"wpb_column vc_column_container vc_col-sm-3 vc_col-has-fill\" id=\"linkpie\"><div class=\"vc_column-inner vc_custom_1583492385129\"><div class=\"wpb_wrapper\"><h3 style=\"font-size: 20px;color: #ffffff;line-height: 1.2;text-align: left;font-family:Roboto;font-weight:400;font-style:normal\" class=\"vc_custom_heading vc_do_custom_heading vc_custom_1587564428531\" >Pribatasun Politika<\/h3><div class=\"uavc-list-icon uavc-list-icon-wrapper ult-adjust-bottom-margin   \"><ul class=\"uavc-list\"><li><div class=\"uavc-list-content\" id=\"list-icon-wrap-4201\">\n<div class=\"uavc-list-icon  \" data-animation=\"\" data-animation-delay=\"03\" style=\"margin-right:5px;\"><div class=\"ult-just-icon-wrapper  \"><div class=\"align-icon\" style=\"text-align:center;\">\n<div class=\"aio-icon-img \" style=\"font-size:8px;display:inline-block;\" >\n\t<img decoding=\"async\" class=\"img-icon\" alt=\"null\" src=\"https:\/\/www.asociacioncamaraurbana.com\/wp-content\/uploads\/2020\/03\/barra-roja.png\"\/>\n<\/div><\/div><\/div>\n<\/div><span  data-ultimate-target='#list-icon-wrap-4201 .uavc-list-desc'  data-responsive-json-new='{\"font-size\":\"desktop:14px;\",\"line-height\":\"\"}'  class=\"uavc-list-desc ult-responsive\" style=\"color:#ffffff;\"><a href=\"http:\/\/www.asociacioncamaraurbana.com\/aviso-legal\/\">Lege-oharra<\/a><\/span><\/div><\/li><li><div class=\"uavc-list-content\" id=\"list-icon-wrap-6069\">\n<div class=\"uavc-list-icon  \" data-animation=\"\" data-animation-delay=\"03\" style=\"margin-right:5px;\"><div class=\"ult-just-icon-wrapper  \"><div class=\"align-icon\" style=\"text-align:center;\">\n<div class=\"aio-icon-img \" style=\"font-size:8px;display:inline-block;\" >\n\t<img decoding=\"async\" class=\"img-icon\" alt=\"null\" src=\"https:\/\/www.asociacioncamaraurbana.com\/wp-content\/uploads\/2020\/03\/barra-roja.png\"\/>\n<\/div><\/div><\/div>\n<\/div><span  data-ultimate-target='#list-icon-wrap-6069 .uavc-list-desc'  data-responsive-json-new='{\"font-size\":\"desktop:14px;\",\"line-height\":\"\"}'  class=\"uavc-list-desc ult-responsive\" style=\"color:#ffffff;\"><a href=\"http:\/\/www.asociacioncamaraurbana.com\/politica-de-proteccion-de-datos\/\">Datu Pertsonalen Gaineko Politika<\/a><\/span><\/div><\/li><li><div class=\"uavc-list-content\" id=\"list-icon-wrap-9265\">\n<div class=\"uavc-list-icon  \" data-animation=\"\" data-animation-delay=\"03\" style=\"margin-right:5px;\"><div class=\"ult-just-icon-wrapper  \"><div class=\"align-icon\" style=\"text-align:center;\">\n<div class=\"aio-icon-img \" style=\"font-size:8px;display:inline-block;\" >\n\t<img decoding=\"async\" class=\"img-icon\" alt=\"null\" src=\"https:\/\/www.asociacioncamaraurbana.com\/wp-content\/uploads\/2020\/03\/barra-roja.png\"\/>\n<\/div><\/div><\/div>\n<\/div><span  data-ultimate-target='#list-icon-wrap-9265 .uavc-list-desc'  data-responsive-json-new='{\"font-size\":\"desktop:14px;\",\"line-height\":\"\"}'  class=\"uavc-list-desc ult-responsive\" style=\"color:#ffffff;\"><a href=\"http:\/\/www.asociacioncamaraurbana.com\/politica-de-cookies\/\">Kookien Politika<\/a><\/span><\/div><\/li><\/ul><\/div><\/div><\/div><\/div><\/div><\/div><\/div><\/div><\/div><div class=\"vc_row-full-width vc_clearfix\"><\/div><div id=\"piepie\" data-vc-full-width=\"true\" data-vc-full-width-init=\"false\" data-vc-stretch-content=\"true\" class=\"vc_row wpb_row vc_row-fluid vc_custom_1587994015307 vc_row-has-fill\"><div class=\"wpb_column vc_column_container vc_col-sm-12 vc_col-has-fill\"><div class=\"vc_column-inner vc_custom_1587994030072\"><div class=\"wpb_wrapper\"><p style=\"font-size: 15px;color: #ffffff;line-height: 1.1;text-align: center;font-family:Roboto Condensed;font-weight:400;font-style:normal\" class=\"vc_custom_heading vc_do_custom_heading vc_custom_1770021388846\" >\u00a9 Copyright 2026. C\u00e1mara Urbana de Bizkaia<\/p><\/div><\/div><\/div><\/div><div class=\"vc_row-full-width vc_clearfix\"><\/div><!-- Row Backgrounds --><div class=\"upb_color\" data-bg-override=\"0\" data-bg-color=\"#000000\" data-fadeout=\"\" data-fadeout-percentage=\"30\" data-parallax-content=\"\" data-parallax-content-sense=\"30\" data-row-effect-mobile-disable=\"true\" data-img-parallax-mobile-disable=\"true\" data-rtl=\"false\"  data-custom-vc-row=\"\"  data-vc=\"8.4.1\"  data-is_old_vc=\"\"  data-theme-support=\"\"   data-overlay=\"false\" data-overlay-color=\"\" data-overlay-pattern=\"\" data-overlay-pattern-opacity=\"\" data-overlay-pattern-size=\"\"    ><\/div>\r\n<\/div>[\/vc_column][\/vc_row]<\/p>\n<\/div>","protected":false},"excerpt":{"rendered":"Araudi orokorrak eta gaur egungoakReal Decreto-ley 6\/2022, de 29 de marzo, por el que se adoptan medidas urgentes a las consecuencias de la guerra en UcraniaMedidas urgentes en el marco del Plan Nacional de respuesta a las consecuencias econ\u00f3micas y sociales de la guerra en Ucrania. La invasi\u00f3n de Ucrania por parte de Rusia est\u00e1... <a class=\"view-article\" href=\"https:\/\/www.asociacioncamaraurbana.com\/eu\/real-decreto-ley-6-2022-de-29-de-marzo-por-el-que-se-adoptan-medidas-urgentes-a-las-consecuencias-economicas-y-sociales-de-la-guerra-en-ucrania\/\">View Article<\/a>","protected":false},"author":1,"featured_media":806,"comment_status":"closed","ping_status":"closed","sticky":false,"template":"","format":"standard","meta":{"_acf_changed":false,"footnotes":""},"categories":[15],"tags":[],"class_list":["post-1869","post","type-post","status-publish","format-standard","has-post-thumbnail","hentry","category-araudi-orokorrak-gaur-egungoak"],"acf":[],"yoast_head":"<!-- This site is optimized with the Yoast SEO plugin v27.3 - https:\/\/yoast.com\/product\/yoast-seo-wordpress\/ -->\n<title>Real Decreto-ley 6\/2022, de 29 de marzo, por el que se adoptan medidas urgentes a las consecuencias de la guerra en Ucrania - C\u00e1mara Urbana de Bizkaia<\/title>\n<meta name=\"robots\" content=\"index, follow, max-snippet:-1, max-image-preview:large, max-video-preview:-1\" \/>\n<link rel=\"canonical\" href=\"https:\/\/www.asociacioncamaraurbana.com\/eu\/real-decreto-ley-6-2022-de-29-de-marzo-por-el-que-se-adoptan-medidas-urgentes-a-las-consecuencias-economicas-y-sociales-de-la-guerra-en-ucrania\/\" \/>\n<meta property=\"og:locale\" content=\"eu_ES\" \/>\n<meta property=\"og:type\" content=\"article\" \/>\n<meta property=\"og:title\" content=\"Real Decreto-ley 6\/2022, de 29 de marzo, por el que se adoptan medidas urgentes a las consecuencias de la guerra en Ucrania - C\u00e1mara Urbana de Bizkaia\" \/>\n<meta property=\"og:url\" content=\"https:\/\/www.asociacioncamaraurbana.com\/eu\/real-decreto-ley-6-2022-de-29-de-marzo-por-el-que-se-adoptan-medidas-urgentes-a-las-consecuencias-economicas-y-sociales-de-la-guerra-en-ucrania\/\" \/>\n<meta property=\"og:site_name\" content=\"C\u00e1mara Urbana de Bizkaia\" \/>\n<meta property=\"article:published_time\" content=\"2022-03-31T12:00:54+00:00\" \/>\n<meta property=\"article:modified_time\" content=\"2022-03-31T12:14:14+00:00\" \/>\n<meta property=\"og:image\" content=\"https:\/\/www.asociacioncamaraurbana.com\/wp-content\/uploads\/2020\/04\/template-img.jpg\" \/>\n\t<meta property=\"og:image:width\" content=\"1000\" \/>\n\t<meta property=\"og:image:height\" content=\"681\" \/>\n\t<meta property=\"og:image:type\" content=\"image\/jpeg\" \/>\n<meta name=\"author\" content=\"komunika\" \/>\n<meta name=\"twitter:card\" content=\"summary_large_image\" \/>\n<meta name=\"twitter:label1\" content=\"Written by\" \/>\n\t<meta name=\"twitter:data1\" content=\"komunika\" \/>\n\t<meta name=\"twitter:label2\" content=\"Est. reading time\" \/>\n\t<meta name=\"twitter:data2\" content=\"11 minutes\" \/>\n<script type=\"application\/ld+json\" class=\"yoast-schema-graph\">{\"@context\":\"https:\\\/\\\/schema.org\",\"@graph\":[{\"@type\":\"Article\",\"@id\":\"https:\\\/\\\/www.asociacioncamaraurbana.com\\\/eu\\\/real-decreto-ley-6-2022-de-29-de-marzo-por-el-que-se-adoptan-medidas-urgentes-a-las-consecuencias-economicas-y-sociales-de-la-guerra-en-ucrania\\\/#article\",\"isPartOf\":{\"@id\":\"https:\\\/\\\/www.asociacioncamaraurbana.com\\\/eu\\\/real-decreto-ley-6-2022-de-29-de-marzo-por-el-que-se-adoptan-medidas-urgentes-a-las-consecuencias-economicas-y-sociales-de-la-guerra-en-ucrania\\\/\"},\"author\":{\"name\":\"komunika\",\"@id\":\"https:\\\/\\\/www.asociacioncamaraurbana.com\\\/#\\\/schema\\\/person\\\/b041c8e1a2cf740b9c87070ca78dc7c4\"},\"headline\":\"Real Decreto-ley 6\\\/2022, de 29 de marzo, por el que se adoptan medidas urgentes a las consecuencias de la guerra en Ucrania\",\"datePublished\":\"2022-03-31T12:00:54+00:00\",\"dateModified\":\"2022-03-31T12:14:14+00:00\",\"mainEntityOfPage\":{\"@id\":\"https:\\\/\\\/www.asociacioncamaraurbana.com\\\/eu\\\/real-decreto-ley-6-2022-de-29-de-marzo-por-el-que-se-adoptan-medidas-urgentes-a-las-consecuencias-economicas-y-sociales-de-la-guerra-en-ucrania\\\/\"},\"wordCount\":2270,\"publisher\":{\"@id\":\"https:\\\/\\\/www.asociacioncamaraurbana.com\\\/#organization\"},\"image\":{\"@id\":\"https:\\\/\\\/www.asociacioncamaraurbana.com\\\/eu\\\/real-decreto-ley-6-2022-de-29-de-marzo-por-el-que-se-adoptan-medidas-urgentes-a-las-consecuencias-economicas-y-sociales-de-la-guerra-en-ucrania\\\/#primaryimage\"},\"thumbnailUrl\":\"https:\\\/\\\/www.asociacioncamaraurbana.com\\\/wp-content\\\/uploads\\\/2020\\\/04\\\/template-img.jpg\",\"articleSection\":[\"Araudi orokorrak eta gaur egungoak\"],\"inLanguage\":\"eu-ES\"},{\"@type\":\"WebPage\",\"@id\":\"https:\\\/\\\/www.asociacioncamaraurbana.com\\\/eu\\\/real-decreto-ley-6-2022-de-29-de-marzo-por-el-que-se-adoptan-medidas-urgentes-a-las-consecuencias-economicas-y-sociales-de-la-guerra-en-ucrania\\\/\",\"url\":\"https:\\\/\\\/www.asociacioncamaraurbana.com\\\/eu\\\/real-decreto-ley-6-2022-de-29-de-marzo-por-el-que-se-adoptan-medidas-urgentes-a-las-consecuencias-economicas-y-sociales-de-la-guerra-en-ucrania\\\/\",\"name\":\"Real Decreto-ley 6\\\/2022, de 29 de marzo, por el que se adoptan medidas urgentes a las consecuencias de la guerra en Ucrania - C\u00e1mara Urbana de Bizkaia\",\"isPartOf\":{\"@id\":\"https:\\\/\\\/www.asociacioncamaraurbana.com\\\/#website\"},\"primaryImageOfPage\":{\"@id\":\"https:\\\/\\\/www.asociacioncamaraurbana.com\\\/eu\\\/real-decreto-ley-6-2022-de-29-de-marzo-por-el-que-se-adoptan-medidas-urgentes-a-las-consecuencias-economicas-y-sociales-de-la-guerra-en-ucrania\\\/#primaryimage\"},\"image\":{\"@id\":\"https:\\\/\\\/www.asociacioncamaraurbana.com\\\/eu\\\/real-decreto-ley-6-2022-de-29-de-marzo-por-el-que-se-adoptan-medidas-urgentes-a-las-consecuencias-economicas-y-sociales-de-la-guerra-en-ucrania\\\/#primaryimage\"},\"thumbnailUrl\":\"https:\\\/\\\/www.asociacioncamaraurbana.com\\\/wp-content\\\/uploads\\\/2020\\\/04\\\/template-img.jpg\",\"datePublished\":\"2022-03-31T12:00:54+00:00\",\"dateModified\":\"2022-03-31T12:14:14+00:00\",\"breadcrumb\":{\"@id\":\"https:\\\/\\\/www.asociacioncamaraurbana.com\\\/eu\\\/real-decreto-ley-6-2022-de-29-de-marzo-por-el-que-se-adoptan-medidas-urgentes-a-las-consecuencias-economicas-y-sociales-de-la-guerra-en-ucrania\\\/#breadcrumb\"},\"inLanguage\":\"eu-ES\",\"potentialAction\":[{\"@type\":\"ReadAction\",\"target\":[\"https:\\\/\\\/www.asociacioncamaraurbana.com\\\/eu\\\/real-decreto-ley-6-2022-de-29-de-marzo-por-el-que-se-adoptan-medidas-urgentes-a-las-consecuencias-economicas-y-sociales-de-la-guerra-en-ucrania\\\/\"]}]},{\"@type\":\"ImageObject\",\"inLanguage\":\"eu-ES\",\"@id\":\"https:\\\/\\\/www.asociacioncamaraurbana.com\\\/eu\\\/real-decreto-ley-6-2022-de-29-de-marzo-por-el-que-se-adoptan-medidas-urgentes-a-las-consecuencias-economicas-y-sociales-de-la-guerra-en-ucrania\\\/#primaryimage\",\"url\":\"https:\\\/\\\/www.asociacioncamaraurbana.com\\\/wp-content\\\/uploads\\\/2020\\\/04\\\/template-img.jpg\",\"contentUrl\":\"https:\\\/\\\/www.asociacioncamaraurbana.com\\\/wp-content\\\/uploads\\\/2020\\\/04\\\/template-img.jpg\",\"width\":1000,\"height\":681},{\"@type\":\"BreadcrumbList\",\"@id\":\"https:\\\/\\\/www.asociacioncamaraurbana.com\\\/eu\\\/real-decreto-ley-6-2022-de-29-de-marzo-por-el-que-se-adoptan-medidas-urgentes-a-las-consecuencias-economicas-y-sociales-de-la-guerra-en-ucrania\\\/#breadcrumb\",\"itemListElement\":[{\"@type\":\"ListItem\",\"position\":1,\"name\":\"Portada\",\"item\":\"https:\\\/\\\/www.asociacioncamaraurbana.com\\\/eu\\\/inicio\\\/\"},{\"@type\":\"ListItem\",\"position\":2,\"name\":\"Real Decreto-ley 6\\\/2022, de 29 de marzo, por el que se adoptan medidas urgentes a las consecuencias de la guerra en Ucrania\"}]},{\"@type\":\"WebSite\",\"@id\":\"https:\\\/\\\/www.asociacioncamaraurbana.com\\\/#website\",\"url\":\"https:\\\/\\\/www.asociacioncamaraurbana.com\\\/\",\"name\":\"C\u00e1mara Urbana de Bizkaia\",\"description\":\"Al servicio de todos los propietarios para resolver las cuestiones legales y t\u00e9cnicas que afectan a su propiedad, por medio de un personal altamente cualificado.\u00a0\",\"publisher\":{\"@id\":\"https:\\\/\\\/www.asociacioncamaraurbana.com\\\/#organization\"},\"alternateName\":\"Asociaci\u00f3n de Propietarios y Usuarios de Fincas Urbanas de Bizkaia\",\"potentialAction\":[{\"@type\":\"SearchAction\",\"target\":{\"@type\":\"EntryPoint\",\"urlTemplate\":\"https:\\\/\\\/www.asociacioncamaraurbana.com\\\/?s={search_term_string}\"},\"query-input\":{\"@type\":\"PropertyValueSpecification\",\"valueRequired\":true,\"valueName\":\"search_term_string\"}}],\"inLanguage\":\"eu-ES\"},{\"@type\":\"Organization\",\"@id\":\"https:\\\/\\\/www.asociacioncamaraurbana.com\\\/#organization\",\"name\":\"C\u00e1mara Urbana de Bizkaia\",\"alternateName\":\"Asociaci\u00f3n de Propietarios y Usuarios de Fincas Urbanas de Bizkaia\",\"url\":\"https:\\\/\\\/www.asociacioncamaraurbana.com\\\/\",\"logo\":{\"@type\":\"ImageObject\",\"inLanguage\":\"eu-ES\",\"@id\":\"https:\\\/\\\/www.asociacioncamaraurbana.com\\\/#\\\/schema\\\/logo\\\/image\\\/\",\"url\":\"https:\\\/\\\/www.asociacioncamaraurbana.com\\\/wp-content\\\/uploads\\\/2020\\\/03\\\/logo-camara-urbana-1.png\",\"contentUrl\":\"https:\\\/\\\/www.asociacioncamaraurbana.com\\\/wp-content\\\/uploads\\\/2020\\\/03\\\/logo-camara-urbana-1.png\",\"width\":1000,\"height\":397,\"caption\":\"C\u00e1mara Urbana de Bizkaia\"},\"image\":{\"@id\":\"https:\\\/\\\/www.asociacioncamaraurbana.com\\\/#\\\/schema\\\/logo\\\/image\\\/\"}},{\"@type\":\"Person\",\"@id\":\"https:\\\/\\\/www.asociacioncamaraurbana.com\\\/#\\\/schema\\\/person\\\/b041c8e1a2cf740b9c87070ca78dc7c4\",\"name\":\"komunika\",\"image\":{\"@type\":\"ImageObject\",\"inLanguage\":\"eu-ES\",\"@id\":\"https:\\\/\\\/secure.gravatar.com\\\/avatar\\\/e205c2ac1f043c1d855d1187694283dccbf0b53d8b52d27532bd998e5481d2ec?s=96&d=mm&r=g\",\"url\":\"https:\\\/\\\/secure.gravatar.com\\\/avatar\\\/e205c2ac1f043c1d855d1187694283dccbf0b53d8b52d27532bd998e5481d2ec?s=96&d=mm&r=g\",\"contentUrl\":\"https:\\\/\\\/secure.gravatar.com\\\/avatar\\\/e205c2ac1f043c1d855d1187694283dccbf0b53d8b52d27532bd998e5481d2ec?s=96&d=mm&r=g\",\"caption\":\"komunika\"},\"url\":\"https:\\\/\\\/www.asociacioncamaraurbana.com\\\/eu\\\/author\\\/komunika\\\/\"}]}<\/script>\n<!-- \/ Yoast SEO plugin. -->","yoast_head_json":{"title":"Real Decreto-ley 6\/2022, de 29 de marzo, por el que se adoptan medidas urgentes a las consecuencias de la guerra en Ucrania - C\u00e1mara Urbana de Bizkaia","robots":{"index":"index","follow":"follow","max-snippet":"max-snippet:-1","max-image-preview":"max-image-preview:large","max-video-preview":"max-video-preview:-1"},"canonical":"https:\/\/www.asociacioncamaraurbana.com\/eu\/real-decreto-ley-6-2022-de-29-de-marzo-por-el-que-se-adoptan-medidas-urgentes-a-las-consecuencias-economicas-y-sociales-de-la-guerra-en-ucrania\/","og_locale":"eu_ES","og_type":"article","og_title":"Real Decreto-ley 6\/2022, de 29 de marzo, por el que se adoptan medidas urgentes a las consecuencias de la guerra en Ucrania - C\u00e1mara Urbana de Bizkaia","og_url":"https:\/\/www.asociacioncamaraurbana.com\/eu\/real-decreto-ley-6-2022-de-29-de-marzo-por-el-que-se-adoptan-medidas-urgentes-a-las-consecuencias-economicas-y-sociales-de-la-guerra-en-ucrania\/","og_site_name":"C\u00e1mara Urbana de Bizkaia","article_published_time":"2022-03-31T12:00:54+00:00","article_modified_time":"2022-03-31T12:14:14+00:00","og_image":[{"width":1000,"height":681,"url":"https:\/\/www.asociacioncamaraurbana.com\/wp-content\/uploads\/2020\/04\/template-img.jpg","type":"image\/jpeg"}],"author":"komunika","twitter_card":"summary_large_image","twitter_misc":{"Written by":"komunika","Est. reading time":"11 minutes"},"schema":{"@context":"https:\/\/schema.org","@graph":[{"@type":"Article","@id":"https:\/\/www.asociacioncamaraurbana.com\/eu\/real-decreto-ley-6-2022-de-29-de-marzo-por-el-que-se-adoptan-medidas-urgentes-a-las-consecuencias-economicas-y-sociales-de-la-guerra-en-ucrania\/#article","isPartOf":{"@id":"https:\/\/www.asociacioncamaraurbana.com\/eu\/real-decreto-ley-6-2022-de-29-de-marzo-por-el-que-se-adoptan-medidas-urgentes-a-las-consecuencias-economicas-y-sociales-de-la-guerra-en-ucrania\/"},"author":{"name":"komunika","@id":"https:\/\/www.asociacioncamaraurbana.com\/#\/schema\/person\/b041c8e1a2cf740b9c87070ca78dc7c4"},"headline":"Real Decreto-ley 6\/2022, de 29 de marzo, por el que se adoptan medidas urgentes a las consecuencias de la guerra en Ucrania","datePublished":"2022-03-31T12:00:54+00:00","dateModified":"2022-03-31T12:14:14+00:00","mainEntityOfPage":{"@id":"https:\/\/www.asociacioncamaraurbana.com\/eu\/real-decreto-ley-6-2022-de-29-de-marzo-por-el-que-se-adoptan-medidas-urgentes-a-las-consecuencias-economicas-y-sociales-de-la-guerra-en-ucrania\/"},"wordCount":2270,"publisher":{"@id":"https:\/\/www.asociacioncamaraurbana.com\/#organization"},"image":{"@id":"https:\/\/www.asociacioncamaraurbana.com\/eu\/real-decreto-ley-6-2022-de-29-de-marzo-por-el-que-se-adoptan-medidas-urgentes-a-las-consecuencias-economicas-y-sociales-de-la-guerra-en-ucrania\/#primaryimage"},"thumbnailUrl":"https:\/\/www.asociacioncamaraurbana.com\/wp-content\/uploads\/2020\/04\/template-img.jpg","articleSection":["Araudi orokorrak eta gaur egungoak"],"inLanguage":"eu-ES"},{"@type":"WebPage","@id":"https:\/\/www.asociacioncamaraurbana.com\/eu\/real-decreto-ley-6-2022-de-29-de-marzo-por-el-que-se-adoptan-medidas-urgentes-a-las-consecuencias-economicas-y-sociales-de-la-guerra-en-ucrania\/","url":"https:\/\/www.asociacioncamaraurbana.com\/eu\/real-decreto-ley-6-2022-de-29-de-marzo-por-el-que-se-adoptan-medidas-urgentes-a-las-consecuencias-economicas-y-sociales-de-la-guerra-en-ucrania\/","name":"Real Decreto-ley 6\/2022, de 29 de marzo, por el que se adoptan medidas urgentes a las consecuencias de la guerra en Ucrania - C\u00e1mara Urbana de Bizkaia","isPartOf":{"@id":"https:\/\/www.asociacioncamaraurbana.com\/#website"},"primaryImageOfPage":{"@id":"https:\/\/www.asociacioncamaraurbana.com\/eu\/real-decreto-ley-6-2022-de-29-de-marzo-por-el-que-se-adoptan-medidas-urgentes-a-las-consecuencias-economicas-y-sociales-de-la-guerra-en-ucrania\/#primaryimage"},"image":{"@id":"https:\/\/www.asociacioncamaraurbana.com\/eu\/real-decreto-ley-6-2022-de-29-de-marzo-por-el-que-se-adoptan-medidas-urgentes-a-las-consecuencias-economicas-y-sociales-de-la-guerra-en-ucrania\/#primaryimage"},"thumbnailUrl":"https:\/\/www.asociacioncamaraurbana.com\/wp-content\/uploads\/2020\/04\/template-img.jpg","datePublished":"2022-03-31T12:00:54+00:00","dateModified":"2022-03-31T12:14:14+00:00","breadcrumb":{"@id":"https:\/\/www.asociacioncamaraurbana.com\/eu\/real-decreto-ley-6-2022-de-29-de-marzo-por-el-que-se-adoptan-medidas-urgentes-a-las-consecuencias-economicas-y-sociales-de-la-guerra-en-ucrania\/#breadcrumb"},"inLanguage":"eu-ES","potentialAction":[{"@type":"ReadAction","target":["https:\/\/www.asociacioncamaraurbana.com\/eu\/real-decreto-ley-6-2022-de-29-de-marzo-por-el-que-se-adoptan-medidas-urgentes-a-las-consecuencias-economicas-y-sociales-de-la-guerra-en-ucrania\/"]}]},{"@type":"ImageObject","inLanguage":"eu-ES","@id":"https:\/\/www.asociacioncamaraurbana.com\/eu\/real-decreto-ley-6-2022-de-29-de-marzo-por-el-que-se-adoptan-medidas-urgentes-a-las-consecuencias-economicas-y-sociales-de-la-guerra-en-ucrania\/#primaryimage","url":"https:\/\/www.asociacioncamaraurbana.com\/wp-content\/uploads\/2020\/04\/template-img.jpg","contentUrl":"https:\/\/www.asociacioncamaraurbana.com\/wp-content\/uploads\/2020\/04\/template-img.jpg","width":1000,"height":681},{"@type":"BreadcrumbList","@id":"https:\/\/www.asociacioncamaraurbana.com\/eu\/real-decreto-ley-6-2022-de-29-de-marzo-por-el-que-se-adoptan-medidas-urgentes-a-las-consecuencias-economicas-y-sociales-de-la-guerra-en-ucrania\/#breadcrumb","itemListElement":[{"@type":"ListItem","position":1,"name":"Portada","item":"https:\/\/www.asociacioncamaraurbana.com\/eu\/inicio\/"},{"@type":"ListItem","position":2,"name":"Real Decreto-ley 6\/2022, de 29 de marzo, por el que se adoptan medidas urgentes a las consecuencias de la guerra en Ucrania"}]},{"@type":"WebSite","@id":"https:\/\/www.asociacioncamaraurbana.com\/#website","url":"https:\/\/www.asociacioncamaraurbana.com\/","name":"C\u00e1mara Urbana de Bizkaia","description":"Al servicio de todos los propietarios para resolver las cuestiones legales y t\u00e9cnicas que afectan a su propiedad, por medio de un personal altamente cualificado.\u00a0","publisher":{"@id":"https:\/\/www.asociacioncamaraurbana.com\/#organization"},"alternateName":"Asociaci\u00f3n de Propietarios y Usuarios de Fincas Urbanas de Bizkaia","potentialAction":[{"@type":"SearchAction","target":{"@type":"EntryPoint","urlTemplate":"https:\/\/www.asociacioncamaraurbana.com\/?s={search_term_string}"},"query-input":{"@type":"PropertyValueSpecification","valueRequired":true,"valueName":"search_term_string"}}],"inLanguage":"eu-ES"},{"@type":"Organization","@id":"https:\/\/www.asociacioncamaraurbana.com\/#organization","name":"C\u00e1mara Urbana de Bizkaia","alternateName":"Asociaci\u00f3n de Propietarios y Usuarios de Fincas Urbanas de Bizkaia","url":"https:\/\/www.asociacioncamaraurbana.com\/","logo":{"@type":"ImageObject","inLanguage":"eu-ES","@id":"https:\/\/www.asociacioncamaraurbana.com\/#\/schema\/logo\/image\/","url":"https:\/\/www.asociacioncamaraurbana.com\/wp-content\/uploads\/2020\/03\/logo-camara-urbana-1.png","contentUrl":"https:\/\/www.asociacioncamaraurbana.com\/wp-content\/uploads\/2020\/03\/logo-camara-urbana-1.png","width":1000,"height":397,"caption":"C\u00e1mara Urbana de Bizkaia"},"image":{"@id":"https:\/\/www.asociacioncamaraurbana.com\/#\/schema\/logo\/image\/"}},{"@type":"Person","@id":"https:\/\/www.asociacioncamaraurbana.com\/#\/schema\/person\/b041c8e1a2cf740b9c87070ca78dc7c4","name":"komunika","image":{"@type":"ImageObject","inLanguage":"eu-ES","@id":"https:\/\/secure.gravatar.com\/avatar\/e205c2ac1f043c1d855d1187694283dccbf0b53d8b52d27532bd998e5481d2ec?s=96&d=mm&r=g","url":"https:\/\/secure.gravatar.com\/avatar\/e205c2ac1f043c1d855d1187694283dccbf0b53d8b52d27532bd998e5481d2ec?s=96&d=mm&r=g","contentUrl":"https:\/\/secure.gravatar.com\/avatar\/e205c2ac1f043c1d855d1187694283dccbf0b53d8b52d27532bd998e5481d2ec?s=96&d=mm&r=g","caption":"komunika"},"url":"https:\/\/www.asociacioncamaraurbana.com\/eu\/author\/komunika\/"}]}},"_links":{"self":[{"href":"https:\/\/www.asociacioncamaraurbana.com\/eu\/wp-json\/wp\/v2\/posts\/1869","targetHints":{"allow":["GET"]}}],"collection":[{"href":"https:\/\/www.asociacioncamaraurbana.com\/eu\/wp-json\/wp\/v2\/posts"}],"about":[{"href":"https:\/\/www.asociacioncamaraurbana.com\/eu\/wp-json\/wp\/v2\/types\/post"}],"author":[{"embeddable":true,"href":"https:\/\/www.asociacioncamaraurbana.com\/eu\/wp-json\/wp\/v2\/users\/1"}],"replies":[{"embeddable":true,"href":"https:\/\/www.asociacioncamaraurbana.com\/eu\/wp-json\/wp\/v2\/comments?post=1869"}],"version-history":[{"count":4,"href":"https:\/\/www.asociacioncamaraurbana.com\/eu\/wp-json\/wp\/v2\/posts\/1869\/revisions"}],"predecessor-version":[{"id":1875,"href":"https:\/\/www.asociacioncamaraurbana.com\/eu\/wp-json\/wp\/v2\/posts\/1869\/revisions\/1875"}],"wp:featuredmedia":[{"embeddable":true,"href":"https:\/\/www.asociacioncamaraurbana.com\/eu\/wp-json\/wp\/v2\/media\/806"}],"wp:attachment":[{"href":"https:\/\/www.asociacioncamaraurbana.com\/eu\/wp-json\/wp\/v2\/media?parent=1869"}],"wp:term":[{"taxonomy":"category","embeddable":true,"href":"https:\/\/www.asociacioncamaraurbana.com\/eu\/wp-json\/wp\/v2\/categories?post=1869"},{"taxonomy":"post_tag","embeddable":true,"href":"https:\/\/www.asociacioncamaraurbana.com\/eu\/wp-json\/wp\/v2\/tags?post=1869"}],"curies":[{"name":"wp","href":"https:\/\/api.w.org\/{rel}","templated":true}]}}